[{"@context":"https:\/\/schema.org\/","@type":"Article","@id":"https:\/\/www.erlas.cz\/zuby-a-zdravi\/#Article","mainEntityOfPage":"https:\/\/www.erlas.cz\/zuby-a-zdravi\/","headline":"Zuby a zdrav\u00ed","name":"Zuby a zdrav\u00ed","description":"N\u00e1\u0161 lifestyle je neodmysliteln\u011b spojen s\u00a0na\u0161\u00edm zdrav\u00edm, a to n\u011bkdy","datePublished":"2024-10-01","dateModified":"2024-10-01","author":{"@type":"Person","@id":"https:\/\/www.erlas.cz\/author\/#Person","name":"","url":"https:\/\/www.erlas.cz\/author\/","identifier":1,"image":{"@type":"ImageObject","@id":"https:\/\/secure.gravatar.com\/avatar\/091b4d684e9af597ec9885a078917281e353fb1084ff05c94355123dbb14e899?s=96&d=mm&r=g","url":"https:\/\/secure.gravatar.com\/avatar\/091b4d684e9af597ec9885a078917281e353fb1084ff05c94355123dbb14e899?s=96&d=mm&r=g","height":96,"width":96}},"publisher":{"@type":"Organization","name":"erlas.cz","logo":{"@type":"ImageObject","@id":"\/logo.png","url":"\/logo.png","width":600,"height":60}},"image":{"@type":"ImageObject","@id":"https:\/\/www.erlas.cz\/wp-content\/uploads\/dentist-2530990_640(2).jpg","url":"https:\/\/www.erlas.cz\/wp-content\/uploads\/dentist-2530990_640(2).jpg","height":0,"width":0},"url":"https:\/\/www.erlas.cz\/zuby-a-zdravi\/","about":["Lifestyle"],"wordCount":437,"articleBody":"N\u00e1\u0161 lifestyle je neodmysliteln\u011b spojen s\u00a0na\u0161\u00edm zdrav\u00edm, a to n\u011bkdy mnohem slo\u017eit\u011bj\u0161\u00edm zp\u016fsobem, ne\u017e by se na prvn\u00ed pohled mohlo zd\u00e1t. Nap\u0159\u00edklad. U\u017e od d\u011btstv\u00ed se p\u011bstuj\u00ed na\u0161e n\u00e1vyky, a pr\u00e1v\u011b i ur\u010dit\u00fdm zp\u016fsobem n\u00e1\u0161 budouc\u00ed \u017eivotn\u00ed styl. Jednou mo\u017enost\u00ed za v\u0161echny m\u016f\u017ee b\u00fdt t\u0159eba \u010di\u0161t\u011bn\u00ed zub\u016f. Je b\u011b\u017en\u00e9, \u017ee d\u00edt\u011b se vztek\u00e1 a nechce si zuby nechat vy\u010distit. Pokud je rodi\u010d trochu d\u016fsledn\u011bj\u0161\u00ed, nenech\u00e1 d\u00edt\u011b, aby si samo ur\u010dilo, co se bude a nebude d\u00edt. A to proto, \u017ee jako dosp\u011bl\u00fd \u010dlov\u011bk by m\u011bl v\u011bd\u011bt, \u017ee \u010di\u0161t\u011bn\u00ed zub\u016f je nezbytn\u011b nutn\u00e9. Pr\u00e1v\u011b takov\u00e1 starost o zubn\u00ed hygienu je jen zvyk, na kter\u00fd si d\u00edt\u011b nakonec zvykne a v\u00fdsledkem bude kvalitn\u00ed a st\u00e1l\u00fd chrup. D\u00edt\u011b se tak vyhne bolestiv\u00fdm kaz\u016fm, kter\u00e9 jeho i rodi\u010de spolu s\u00a0n\u00edm vy\u017eenou k\u00a0doktorovi. Kvalitn\u00ed chrup je nezbytn\u00fd pro to, aby se d\u00edt\u011b nau\u010dilo spr\u00e1vn\u011b vyslovovat a nebylo tak nutn\u00e9 vyhledat pomoc logopeda. K\u00a0tomu nav\u00edc je zka\u017een\u00fd chrup rizikov\u00fd z\u00a0hlediska infekce. Po dlouhou dobu nemus\u00ed doch\u00e1zet k\u00a0\u017e\u00e1dn\u00fdm probl\u00e9m\u016fm, ale i tak se jednou m\u016f\u017ee st\u00e1t, \u017ee bude organismus d\u00edt\u011bte oslaben\u00fd a infekce ze zub\u016f se tak bude moci jednodu\u0161e projevit kdekoli jinde v\u00a0t\u011ble. Funguje to tak stejn\u011b i u dosp\u011bl\u00fdch, proto se p\u0159ed n\u011bkter\u00fdmi l\u00e9\u010dbami je nutn\u00e9 odstranit tzv. infek\u010dn\u00ed fokusy, kam spadaj\u00ed pr\u00e1v\u011b t\u0159eba zka\u017een\u00e9 zuby. Z\u00a0v\u00fd\u0161e napsan\u00e9ho je jasn\u00e9, \u017ee, i kdy\u017e je n\u011bkdy velmi slo\u017eit\u00e9 d\u00edt\u011b p\u0159esv\u011bd\u010dit a v\u00a0\u00fasil\u00ed vytrvat, je nanejv\u00fd\u0161 vhodn\u00e9 d\u00edt\u011bti z\u00e1klady starosti o dutinu \u00fastn\u00ed v\u0161t\u00edpit. Mus\u00edme si p\u0159iznat i my dosp\u011bl\u00fd, \u017ee ob\u010das na\u0161e p\u00e9\u010de nen\u00ed bezchybn\u00e1 a um\u00fdv\u00e1n\u00ed zub\u016f je i pro n\u00e1s docela n\u00e1ro\u010dn\u00e9, p\u0159esto\u017ee v\u00edme, jak\u00e9 d\u016fsledky to bude m\u00edt. Jen\u017ee my jsme ji\u017e za sv\u00e9 chov\u00e1n\u00ed zodpov\u011bdn\u00ed sami. Obvykle se n\u00e1m na\u0161e chov\u00e1n\u00ed splat\u00ed docela brzy n\u00e1v\u0161t\u011bvou zubn\u00edho l\u00e9ka\u0159e. U n\u011bj se obvykle kajeme za to, \u017ee jsme zuby ne\u010distili, jak jsme m\u011bli a na\u0161e pen\u011b\u017eenky to poc\u00edt\u00ed jakbysmet.                                                                                                                                                                                                                                                                                                                                                                                        4.4\/5 - (11 votes)        "},{"@context":"https:\/\/schema.org\/","@type":"BreadcrumbList","itemListElement":[{"@type":"ListItem","position":1,"name":"Zuby a zdrav\u00ed","item":"https:\/\/www.erlas.cz\/zuby-a-zdravi\/#breadcrumbitem"}]}]