[{"@context":"https:\/\/schema.org\/","@type":"Article","@id":"https:\/\/www.erlas.cz\/zajistete-si-v-kancelari-pohodli\/#Article","mainEntityOfPage":"https:\/\/www.erlas.cz\/zajistete-si-v-kancelari-pohodli\/","headline":"Zajist\u011bte si v kancel\u00e1\u0159i pohodl\u00ed","name":"Zajist\u011bte si v kancel\u00e1\u0159i pohodl\u00ed","description":"Pohodl\u00ed je v kancel\u00e1\u0159i velmi d\u016fle\u017eit\u00e9 a m\u016f\u017ee v\u00e1m pomoci","datePublished":"2024-10-17","dateModified":"2024-10-17","author":{"@type":"Person","@id":"https:\/\/www.erlas.cz\/author\/#Person","name":"","url":"https:\/\/www.erlas.cz\/author\/","identifier":1,"image":{"@type":"ImageObject","@id":"https:\/\/secure.gravatar.com\/avatar\/091b4d684e9af597ec9885a078917281e353fb1084ff05c94355123dbb14e899?s=96&d=mm&r=g","url":"https:\/\/secure.gravatar.com\/avatar\/091b4d684e9af597ec9885a078917281e353fb1084ff05c94355123dbb14e899?s=96&d=mm&r=g","height":96,"width":96}},"publisher":{"@type":"Organization","name":"erlas.cz","logo":{"@type":"ImageObject","@id":"\/logo.png","url":"\/logo.png","width":600,"height":60}},"url":"https:\/\/www.erlas.cz\/zajistete-si-v-kancelari-pohodli\/","wordCount":261,"articleBody":"Pohodl\u00ed je v kancel\u00e1\u0159i velmi d\u016fle\u017eit\u00e9 a m\u016f\u017ee v\u00e1m pomoci k lep\u0161\u00edm pracovn\u00edm v\u00fdsledk\u016fm. Zajistit si pohodl\u00ed v\u0161ak nen\u00ed v\u016fbec snadn\u00e9 a je jen m\u00e1lo mo\u017enost\u00ed, jak na to. Jednou z t\u011bchto mo\u017enost\u00ed jsou i na\u0161e \u017eidle PROFIm, kter\u00e9 v\u00e1m nab\u00eddnou jak pot\u0159ebn\u00e9 pohodl\u00ed, tak i skv\u011bl\u00fd vzhled, kter\u00fd vyzdob\u00ed je\u0161t\u011b v\u00edce va\u0161i kancel\u00e1\u0159. Skv\u011blou v\u00fdhodou na\u0161ich \u017eidl\u00ed je p\u0159itom i to, \u017ee si je m\u016f\u017eete zakoupit za velmi v\u00fdhodnou cenu a m\u016f\u017eete tak u\u0161et\u0159it spoustu pen\u011bz. Na v\u00fdb\u011br p\u0159itom m\u00e1te z n\u011bkolika des\u00edtek r\u016fzn\u00fdch \u017eidl\u00ed, kter\u00fdmi m\u016f\u017eete vybavit svou kancel\u00e1\u0159 a zajistit si tak ty nejlep\u0161\u00ed podm\u00ednky pro pr\u00e1ci.Vybavte si pracovnu skv\u011bl\u00fdm kancel\u00e1\u0159sk\u00fdm n\u00e1bytkemSnad ka\u017ed\u00fd by cht\u011bl ve svoj\u00ed pracovn\u011b kvalitn\u00ed kancel\u00e1\u0159sk\u00fd n\u00e1bytek, kter\u00fd bude jak pohodln\u00fd, tak i hezk\u00fd a my nyn\u00ed toto va\u0161e p\u0159\u00e1n\u00ed dok\u00e1\u017eeme vyplnit a to na\u0161imi kvalitn\u00edmi \u017eidlemi, kter\u00e9 jsou jak skv\u011ble designov\u011b \u0159e\u0161en\u00e9, tak jsou z\u00e1rove\u0148 i velmi pohodln\u00e9 a umo\u017en\u00ed v\u00e1m tak pracovat v klidu a pohod\u011b. D\u00edky \u0161irok\u00e9mu v\u00fdb\u011bru se p\u0159itom nemus\u00edte p\u0159i koupi \u017eidle nijak omezovat. Na\u0161e \u017eidle PROFIm v\u00e1m tak nab\u00eddnou ty nejlep\u0161\u00ed podm\u00ednky a zajist\u00ed v\u00e1m pot\u0159ebn\u00e9 pohodl\u00ed.                                                                                                                                                                                                                                                                                                                                                                                        2.5\/5 - (2 votes)        "},{"@context":"https:\/\/schema.org\/","@type":"BreadcrumbList","itemListElement":[{"@type":"ListItem","position":1,"name":"Zajist\u011bte si v kancel\u00e1\u0159i pohodl\u00ed","item":"https:\/\/www.erlas.cz\/zajistete-si-v-kancelari-pohodli\/#breadcrumbitem"}]}]