[{"@context":"https:\/\/schema.org\/","@type":"Article","@id":"https:\/\/www.erlas.cz\/vybirate-okna-a-mate-radi-prirodni-materialy\/#Article","mainEntityOfPage":"https:\/\/www.erlas.cz\/vybirate-okna-a-mate-radi-prirodni-materialy\/","headline":"Vyb\u00edr\u00e1te okna a m\u00e1te r\u00e1di p\u0159\u00edrodn\u00ed materi\u00e1ly?","name":"Vyb\u00edr\u00e1te okna a m\u00e1te r\u00e1di p\u0159\u00edrodn\u00ed materi\u00e1ly?","description":"Vyb\u00edr\u00e1te okna a m\u00e1te r\u00e1di p\u0159\u00edrodn\u00ed materi\u00e1ly? Jasn\u00e1 volba jsou","datePublished":"2025-01-21","dateModified":"2025-01-21","author":{"@type":"Person","@id":"https:\/\/www.erlas.cz\/author\/#Person","name":"","url":"https:\/\/www.erlas.cz\/author\/","identifier":1,"image":{"@type":"ImageObject","@id":"https:\/\/secure.gravatar.com\/avatar\/091b4d684e9af597ec9885a078917281e353fb1084ff05c94355123dbb14e899?s=96&d=mm&r=g","url":"https:\/\/secure.gravatar.com\/avatar\/091b4d684e9af597ec9885a078917281e353fb1084ff05c94355123dbb14e899?s=96&d=mm&r=g","height":96,"width":96}},"publisher":{"@type":"Organization","name":"erlas.cz","logo":{"@type":"ImageObject","@id":"\/logo.png","url":"\/logo.png","width":600,"height":60}},"url":"https:\/\/www.erlas.cz\/vybirate-okna-a-mate-radi-prirodni-materialy\/","wordCount":184,"articleBody":"Vyb\u00edr\u00e1te okna a m\u00e1te r\u00e1di p\u0159\u00edrodn\u00ed materi\u00e1ly? Jasn\u00e1 volba jsou d\u0159ev\u011bn\u00e1 eurookna. Okna budou hezk\u00e1 nejenom po dostavb\u011b va\u0161eho domu, ale je\u0161t\u011b dlouh\u00e1 l\u00e9ta potom, p\u0159itom budou bezpe\u010dn\u00e1, snadno udr\u017eovateln\u00e1 a jejich \u017eivotnost bude vysok\u00e1. Energeticky \u00fasporn\u00fd d\u016fm je pr\u00e1v\u011b ten, jeho\u017e zkr\u00e1\u0161luj\u00ed d\u0159ev\u011bn\u00e1 nebo d\u0159ev\u011bnohlin\u00edkov\u00e1 eurookna, proto\u017ee okna a dve\u0159e znamenaj\u00ed pro d\u016fm \u00fanik energi\u00ed. Ne v\u0161ak v dom\u011b, v n\u011bm\u017e v\u00edt\u011bz\u00ed technick\u00e9 parametry se \u0161pi\u010dkov\u00fdm designem a modern\u00edmi v\u00fdrobn\u00edmi technologiemi. Mo\u017enosti zak\u00e1zkov\u00e9 v\u00fdroby Eurookna pro v\u00e1s vyrob\u00ed t\u00e9m\u011b\u0159 ka\u017ed\u00e1 firma na zak\u00e1zku p\u0159esn\u011b podle jak\u00fdchkoliv po\u017eadavk\u016f a p\u0159edstav. Nev\u00e1hejte a vyb\u00edrejte i atypick\u00e1 okna st\u0159e\u0161n\u00ed \u010di jin\u00e1 a vyu\u017eijte tak v\u00fdhod zak\u00e1zkov\u00e9 v\u00fdroby. Sou\u010d\u00e1st\u00ed a samoz\u0159ejmost\u00ed jsou t\u011bsn\u011bn\u00ed a kov\u00e1n\u00ed, n\u011bkter\u00e9 firmy v\u00e1m nab\u00eddnou dokonce i speci\u00e1ln\u00ed skla.                                                                                                                                                                                                                                                                                                                                                                                        2\/5 - (1 vote)        "},{"@context":"https:\/\/schema.org\/","@type":"BreadcrumbList","itemListElement":[{"@type":"ListItem","position":1,"name":"Vyb\u00edr\u00e1te okna a m\u00e1te r\u00e1di p\u0159\u00edrodn\u00ed materi\u00e1ly?","item":"https:\/\/www.erlas.cz\/vybirate-okna-a-mate-radi-prirodni-materialy\/#breadcrumbitem"}]}]