[{"@context":"https:\/\/schema.org\/","@type":"Article","@id":"https:\/\/www.erlas.cz\/svet-a-technika\/#Article","mainEntityOfPage":"https:\/\/www.erlas.cz\/svet-a-technika\/","headline":"Sv\u011bt a technika","name":"Sv\u011bt a technika","description":"Mysl\u00edm si, \u017ee kdyby lid\u00e9 v\u00edc a mysleli na to,","datePublished":"2023-03-10","dateModified":"2023-05-18","author":{"@type":"Person","@id":"https:\/\/www.erlas.cz\/author\/#Person","name":"","url":"https:\/\/www.erlas.cz\/author\/","identifier":1,"image":{"@type":"ImageObject","@id":"https:\/\/secure.gravatar.com\/avatar\/091b4d684e9af597ec9885a078917281e353fb1084ff05c94355123dbb14e899?s=96&d=mm&r=g","url":"https:\/\/secure.gravatar.com\/avatar\/091b4d684e9af597ec9885a078917281e353fb1084ff05c94355123dbb14e899?s=96&d=mm&r=g","height":96,"width":96}},"publisher":{"@type":"Organization","name":"erlas.cz","logo":{"@type":"ImageObject","@id":"\/logo.png","url":"\/logo.png","width":600,"height":60}},"image":{"@type":"ImageObject","@id":"https:\/\/www.erlas.cz\/wp-content\/uploads\/home-office-1867761_960_720_3.jpg","url":"https:\/\/www.erlas.cz\/wp-content\/uploads\/home-office-1867761_960_720_3.jpg","height":0,"width":0},"url":"https:\/\/www.erlas.cz\/svet-a-technika\/","about":["Technika"],"wordCount":448,"articleBody":"Mysl\u00edm si, \u017ee kdyby lid\u00e9 v\u00edc a mysleli na to, \u017ee technika n\u00e1m usnad\u0148uje \u017eivot, \u017ee by to bylo o mnoho bylo lep\u0161\u00ed, proto\u017ee kdy\u017e se t\u0159eba zept\u00e1m sv\u00fdch rodi\u010d\u016f nebo prarodi\u010d\u016f, co se u\u010d\u00ed o informa\u010dn\u00edch technologi\u00ed, tak mi v\u017edycky \u0159eknou, \u017ee nic moc. A kdy\u017e se jich zept\u00e1m, pro\u010d maj\u00ed takov\u00fd zvl\u00e1\u0161tn\u00ed a jin\u00fd n\u00e1zor na informa\u010dn\u00ed technologii, tak mi \u0159eknou, \u017ee pr\u00fd technika je jenom takov\u00e1, \u017ee jen lidem bere voln\u00fd \u010das. A j\u00e1 nev\u00edm, jak tohle moji rodi\u010de mysleli, ale podle m\u00e9ho n\u00e1zoru oni si mysl\u00ed, \u017ee je \u010dlov\u011bk potom asi na technice nebo tak podobn\u011b z\u00e1visl\u00fd. Sice to ch\u00e1pu,\u00a0ale je to o ka\u017ed\u00e9m z n\u00e1s. T\u0159eba nap\u0159\u00edklad na mobiln\u00edm telefonu nebo na po\u010d\u00edta\u010di. J\u00e1 sice beru, \u017ee kdy\u017e je n\u011bkdo na n\u011b\u010dem z\u00e1visl\u00fd, tak je to samoz\u0159ejm\u011b \u0161patn\u011b. A z\u00e1vislost a \u0161patn\u00e1 i na tom, kdy\u017e to je t\u0159eba jenom oby\u010dejn\u00fd mobiln\u00ed telefon anebo notebook \u010di zm\u00edn\u011bn\u00fd po\u010d\u00edta\u010d. A to v\u010detn\u011b r\u016fzn\u00fdch po\u010d\u00edta\u010dov\u00fdch her. I kdy\u017e to tak ale vezmu, tak po\u010d\u00edta\u010de anebo informa\u010dn\u00ed technologie \u010di dal\u0161\u00ed technika n\u00e1m lidem jenom prosp\u00edv\u00e1. Kdy\u017e to vezmu z toho technick\u00e9ho pohledu, tak pro\u010d by jinak byly technick\u00e9 univerzity anebo takov\u00e9 dal\u0161\u00ed \u0161koly, kter\u00e9 se zam\u011b\u0159uj\u00ed na technick\u00e9 v\u011bci? Mysl\u00edm si, \u017ee pr\u00e1v\u011b technika n\u00e1s hlavn\u011b spojuje. A to tak\u00e9 d\u00edky tomu, \u017ee si vlastn\u011b m\u016f\u017eeme v klidu napsat email nebo poslat sms nebo n\u011bkomu zavolat. V\u017edy\u0165 je to tak rychl\u00e9 a praktick\u00e9, jak to n\u011bkdo nemus\u00ed m\u00edt r\u00e1d? A tady jde alespo\u0148 vid\u011bt, \u017ee pr\u00e1v\u011b technika m\u00e1 sv\u00e1 pro a proti. Samoz\u0159ejm\u011b, \u017ee jako v\u0161echno ostatn\u00ed, taky technika m\u00e1 klady a z\u00e1pory. A to z\u00e1pory nap\u0159\u00edklad takov\u00e9, \u017ee pr\u00e1v\u011b \u010dlov\u011bka na tom m\u016f\u017ee b\u00fdt z\u00e1visl\u00fd a m\u016f\u017ee se potom uzav\u0159\u00edt do takov\u00e9 sv\u00e9 bubliny, \u017ee potom nechod\u00ed ani mezi lidi. A i kdy\u017e ale ta pozitiva podle m\u00e9ho n\u00e1zoru p\u0159eva\u017euj\u00ed. Jist\u011b z\u00e1le\u017e\u00ed samoz\u0159ejm\u011b opravdu na ka\u017ed\u00e9m \u010dlov\u011bku, jak si to, kdo vylo\u017e\u00ed, k \u010demu technika je a jak n\u00e1m lidem pom\u00e1h\u00e1. J\u00e1 abych se p\u0159iznala, tak j\u00e1 m\u00e1m techniku moc r\u00e1da, a to hlavn\u011b z toho d\u016fvodu, \u017ee d\u00edky technice jsem tak poznala na online\u00a0seznamce p\u0159\u00edtele.\u00a0                                                                                                                                                                                                                                                                                                                                                                                        5\/5 - (6 votes)        "},{"@context":"https:\/\/schema.org\/","@type":"BreadcrumbList","itemListElement":[{"@type":"ListItem","position":1,"name":"Sv\u011bt a technika","item":"https:\/\/www.erlas.cz\/svet-a-technika\/#breadcrumbitem"}]}]