[{"@context":"https:\/\/schema.org\/","@type":"Article","@id":"https:\/\/www.erlas.cz\/sperky-pro-me\/#Article","mainEntityOfPage":"https:\/\/www.erlas.cz\/sperky-pro-me\/","headline":"\u0160perky pro m\u011b","name":"\u0160perky pro m\u011b","description":"V\u017edycky jsem byla takov\u00e1, \u017ee jsem m\u011bla r\u00e1da \u0161perky. A","datePublished":"2023-03-26","dateModified":"2023-04-26","author":{"@type":"Person","@id":"https:\/\/www.erlas.cz\/author\/#Person","name":"","url":"https:\/\/www.erlas.cz\/author\/","identifier":1,"image":{"@type":"ImageObject","@id":"https:\/\/secure.gravatar.com\/avatar\/091b4d684e9af597ec9885a078917281e353fb1084ff05c94355123dbb14e899?s=96&d=mm&r=g","url":"https:\/\/secure.gravatar.com\/avatar\/091b4d684e9af597ec9885a078917281e353fb1084ff05c94355123dbb14e899?s=96&d=mm&r=g","height":96,"width":96}},"publisher":{"@type":"Organization","name":"erlas.cz","logo":{"@type":"ImageObject","@id":"\/logo.png","url":"\/logo.png","width":600,"height":60}},"image":{"@type":"ImageObject","@id":"https:\/\/www.erlas.cz\/wp-content\/uploads\/girl-2306831_960_720.jpg","url":"https:\/\/www.erlas.cz\/wp-content\/uploads\/girl-2306831_960_720.jpg","height":0,"width":0},"url":"https:\/\/www.erlas.cz\/sperky-pro-me\/","about":["N\u00e1kupy"],"wordCount":439,"articleBody":"      V\u017edycky jsem byla takov\u00e1, \u017ee jsem m\u011bla r\u00e1da \u0161perky. A to hlavn\u011b \u0159et\u00edzky a prsteny. Tak\u00e9 jsem od sv\u00e9ho p\u0159\u00edtele dostala \u0159et\u00edzek se jm\u00e9nem. Ale p\u0159edt\u00edm, kdy\u017e mi bylo asi deset let, tak jsem dostala od babi\u010dky opravdu n\u00e1dhern\u00fd zlat\u00fd \u0159et\u00edzek, kde jsem m\u011bla po\u010d\u00e1te\u010dn\u00ed p\u00edsmenko sv\u00e9ho jm\u00e9na. P\u0159\u00edv\u011bsek ve tvaru L byl velk\u00fd dva centimetry a mus\u00edm uznat, \u017ee na tu dobu byl tehdy opravdu velice drah\u00fd. Ani nev\u00edm, kolik mi bylo, ale asi kolem t\u011bch deseti let, jak jsem ji\u017e psala, bohu\u017eel ale jsem ho n\u011bkde ztratila. Ani nev\u00edte, jak moc m\u011b to mrz\u00ed. Byl to pro m\u011b \u0161ok a bylo to bolestn\u00e9. Byla jsem opravdu z toho ne\u0161\u0165astn\u00e1, proto\u017ee ten zlat\u00fd \u0159et\u00edzek s p\u00edsmenkem jsem m\u011bla asi snad patn\u00e1ct nebo sedmn\u00e1ct let. Nyn\u00ed ho nem\u00e1m a v\u016fbec jsem ho nikde nena\u0161la. Tak\u017ee m\u011b pot\u011b\u0161il potom m\u016fj p\u0159\u00edtel, kter\u00fdmi z webov\u00e9 str\u00e1nky silvername.cz sehnal kr\u00e1sn\u00fd \u0159et\u00edzek se jm\u00e9nem. M\u011bla jsem z n\u011bho velikou radost a p\u0159\u00edtel m\u011b pot\u011b\u0161il. Sice ne tak velkou radost, jako z \u0159et\u00edzku od babi\u010dky. proto\u017ee babi\u010dka je prost\u011b babi\u010dka. Babi\u010dky v\u017edycky m\u00e1 \u010dlov\u011bk jenom dv\u011b, ale partner\u016f si \u010dlov\u011bk m\u016f\u017ee naj\u00edt kolik chce. Ale i tak jsem partnerovi byla velmi vd\u011b\u010dn\u00e1. \u0160perky, asi jako ka\u017ed\u00e1 \u017eena, tak i j\u00e1 velmi zbo\u017e\u0148uji. Ka\u017ed\u00fd den nos\u00edm n\u011bjak\u00e9 \u0161perky. V uchu m\u00e1m dokonce p\u011bt d\u00edrek, kde nos\u00edm velice r\u00e1da st\u0159\u00edbrn\u00e9 mal\u00e9 n\u00e1u\u0161nice. Se \u0161perky jsem vlastn\u011b vyr\u016fstala, proto\u017ee moje maminka jednu dobu pracovala ve \u0161perka\u0159stv\u00ed, tak\u017ee m\u00e1m ke \u0161perk\u016fm opravdu hodn\u011b bl\u00edzko. A jsem r\u00e1da, \u017ee jsem tak\u00e9 sv\u00e9 mamince mohla po\u0159\u00eddit kr\u00e1sn\u00fd n\u00e1ramek se jm\u00e9nem, proto\u017ee moje maminka tak\u00e9 velice oce\u0148uje \u0161perky a m\u00e1 je r\u00e1da. A v\u00e1m se tak\u00e9 l\u00edb\u00ed \u0159et\u00edzek se jm\u00e9nem https:\/\/silvername.cz\/produkt\/retizek-se-jmenem-ze-stribra\/ nebo jin\u00e9 \u0161perky? Dokonce zn\u00e1m i n\u011bkolik mu\u017e\u016f, kte\u0159\u00ed si velmi zakl\u00e1daj\u00ed na sv\u00e9 image, tak\u017ee nos\u00ed velmi mnoho \u0161perk\u016f, a to v\u010detn\u011b i takov\u00fdch \u0161perk\u016f, jako \u0159et\u00edzky nebo n\u00e1ramky se jm\u00e9ny. M\u011b se to l\u00edb\u00ed, je to origin\u00e1ln\u00ed a pro n\u011bkoho to m\u00e1 i citovou hodnotu.                                                                                                                                                                                                                                                                                                                                                                                           4.2\/5 - (11 votes)        "},{"@context":"https:\/\/schema.org\/","@type":"BreadcrumbList","itemListElement":[{"@type":"ListItem","position":1,"name":"\u0160perky pro m\u011b","item":"https:\/\/www.erlas.cz\/sperky-pro-me\/#breadcrumbitem"}]}]