[{"@context":"https:\/\/schema.org\/","@type":"Article","@id":"https:\/\/www.erlas.cz\/slunce-je-reseni\/#Article","mainEntityOfPage":"https:\/\/www.erlas.cz\/slunce-je-reseni\/","headline":"Slunce je \u0159e\u0161en\u00ed","name":"Slunce je \u0159e\u0161en\u00ed","description":"Mo\u017en\u00e1 po\u0159\u00e1d je\u0161t\u011b pamatujete doby, kdy to u n\u00e1s \u010dasto","datePublished":"2022-10-11","dateModified":"2022-10-11","author":{"@type":"Person","@id":"https:\/\/www.erlas.cz\/author\/#Person","name":"","url":"https:\/\/www.erlas.cz\/author\/","identifier":1,"image":{"@type":"ImageObject","@id":"https:\/\/secure.gravatar.com\/avatar\/091b4d684e9af597ec9885a078917281e353fb1084ff05c94355123dbb14e899?s=96&d=mm&r=g","url":"https:\/\/secure.gravatar.com\/avatar\/091b4d684e9af597ec9885a078917281e353fb1084ff05c94355123dbb14e899?s=96&d=mm&r=g","height":96,"width":96}},"publisher":{"@type":"Organization","name":"erlas.cz","logo":{"@type":"ImageObject","@id":"\/logo.png","url":"\/logo.png","width":600,"height":60}},"image":{"@type":"ImageObject","@id":"https:\/\/www.erlas.cz\/wp-content\/uploads\/sol%C3%A1rn%C3%AD1.jpg","url":"https:\/\/www.erlas.cz\/wp-content\/uploads\/sol%C3%A1rn%C3%AD1.jpg","height":0,"width":0},"url":"https:\/\/www.erlas.cz\/slunce-je-reseni\/","about":["N\u00e1kupy"],"wordCount":422,"articleBody":"   Mo\u017en\u00e1 po\u0159\u00e1d je\u0161t\u011b pamatujete doby, kdy to u n\u00e1s \u010dasto zav\u00e1n\u011blo kou\u0159em z uhl\u00ed, kter\u00fdm jsme si doma i v\u0161ude jinde topili. A mo\u017en\u00e1 to zn\u00e1te na vlastn\u00ed k\u016f\u017ei dodnes, kdy\u017e si tak n\u011bkdo v okol\u00ed zatop\u00ed. A to je pak ned\u00fdchatelno, co? I dneska je n\u011bkdy kolem na\u0161ich silnic k zalknut\u00ed. A to je to i p\u0159i t\u00e9 spoust\u011b aut daleko lep\u0161\u00ed ne\u017e kdysi, kdy tu kou\u0159ily r\u016fzn\u00e9 vraky, u kter\u00fdch ne\u0161lo o spot\u0159ebu ani ekologii, ale o to, aby bylo v\u016fbec \u010d\u00edm jezdit. A tak jsme se kdysi dusili a dodnes n\u011bkdy dus\u00edme pou\u017e\u00edv\u00e1n\u00edm fosiln\u00edch paliv. Jsou \u010dasto t\u00edm nejdostupn\u011bj\u0161\u00edm a jsme na n\u011b zvykl\u00ed. A n\u011bkdy jen t\u011b\u017eko neseme, kdy\u017e n\u00e1m do toho n\u011bkdo za\u010dne zasahovat. Kdy\u017e t\u0159eba \u00fa\u0159ady rozhodnou, \u017ee nesm\u00edme topit plasty, \u017ee mus\u00edme m\u00edt nov\u00e9 kotle a nechat si d\u011blat revize kom\u00edn\u016f, \u017ee mus\u00edme jezdit na technickou prohl\u00eddku aut a tak.Ale mus\u00edme si zvyknout. I ti, kdo necht\u011bj\u00ed. Proto\u017ee jednou tahle paliva tak jako tak dojdou. A my z\u016fstaneme bez podobn\u00e9 energie. A budeme pot\u0159ebovat n\u00e1hradu. Kterou vlastn\u011b pot\u0159ebujeme u\u017e i dneska, i kdy\u017e dneska hlavn\u011b proto, \u017ee jsou dodavatel\u00e9 energi\u00ed po\u0159\u00e1d dra\u017e\u0161\u00ed a n\u00e1m se do nich nechce strkat pen\u00edze. A tak si zvyk\u00e1me na vyu\u017e\u00edv\u00e1n\u00ed energie slunce. Pou\u017e\u00edv\u00e1me po\u0159\u00e1d v\u00edc sol\u00e1rn\u00ed panely brno, tedy fotovoltaick\u00e9 elektr\u00e1rny, kter\u00e9 n\u00e1m d\u00e1vaj\u00ed mo\u017enost \u00faspory a sob\u011bsta\u010dnosti. Sta\u010d\u00ed p\u0159ece sehnat takov\u00e9 panely a nainstalovat si je na vhodn\u00e9 m\u00edsto, a hned m\u00e1me regenerativn\u00ed, nez\u00e1visl\u00fd, v\u00fdkonn\u00fd a taky ekologick\u00fd zdroj energie, kter\u00fd n\u00e1m slou\u017e\u00ed, ani\u017e bychom se n\u011bjak museli nam\u00e1hat.A m\u00edt vlastn\u00ed elektrick\u00fd proud je skv\u011bl\u00e1 v\u011bc. Ne jenom proto, \u017ee to chr\u00e1n\u00ed p\u0159\u00edrodu, bez kter\u00e9 nem\u016f\u017eeme \u017e\u00edt, ale i kv\u016fli tomu, \u017ee je to zdroj levn\u00e9 energie. A tak u\u0161et\u0159\u00edme a sou\u010dasn\u011b i zasluhujeme pochvalu od v\u0161eho \u017eiv\u00e9ho na na\u0161\u00ed planet\u011b. Od toho, co t\u00edm p\u00e1dem nedus\u00edme kou\u0159em ani ni\u010d\u00edm nezamo\u0159ujeme. A vy u\u017e m\u00e1te sol\u00e1rn\u00ed panely? Nebo n\u00e1m po\u0159\u00e1d je\u0161t\u011b ni\u010d\u00edte planetu?                                                                                                                                                                                                                                                                                                                                                                                          4.2\/5 - (5 votes)        "},{"@context":"https:\/\/schema.org\/","@type":"BreadcrumbList","itemListElement":[{"@type":"ListItem","position":1,"name":"Slunce je \u0159e\u0161en\u00ed","item":"https:\/\/www.erlas.cz\/slunce-je-reseni\/#breadcrumbitem"}]}]