[{"@context":"https:\/\/schema.org\/","@type":"Article","@id":"https:\/\/www.erlas.cz\/rada-cestuji\/#Article","mainEntityOfPage":"https:\/\/www.erlas.cz\/rada-cestuji\/","headline":"R\u00e1da cestuji","name":"R\u00e1da cestuji","description":"Mysl\u00edm si, \u017ee ka\u017ed\u00fd \u010dlov\u011bk m\u00e1 r\u00e1d cestov\u00e1n\u00ed. Nebo vy","datePublished":"2022-12-22","dateModified":"2023-08-23","author":{"@type":"Person","@id":"https:\/\/www.erlas.cz\/author\/#Person","name":"","url":"https:\/\/www.erlas.cz\/author\/","identifier":1,"image":{"@type":"ImageObject","@id":"https:\/\/secure.gravatar.com\/avatar\/091b4d684e9af597ec9885a078917281e353fb1084ff05c94355123dbb14e899?s=96&d=mm&r=g","url":"https:\/\/secure.gravatar.com\/avatar\/091b4d684e9af597ec9885a078917281e353fb1084ff05c94355123dbb14e899?s=96&d=mm&r=g","height":96,"width":96}},"publisher":{"@type":"Organization","name":"erlas.cz","logo":{"@type":"ImageObject","@id":"\/logo.png","url":"\/logo.png","width":600,"height":60}},"image":{"@type":"ImageObject","@id":"https:\/\/www.erlas.cz\/wp-content\/uploads\/travel-4969279_1280.jpg","url":"https:\/\/www.erlas.cz\/wp-content\/uploads\/travel-4969279_1280.jpg","height":0,"width":0},"url":"https:\/\/www.erlas.cz\/rada-cestuji\/","about":["Cestov\u00e1n\u00ed"],"wordCount":510,"articleBody":"Mysl\u00edm si, \u017ee ka\u017ed\u00fd \u010dlov\u011bk m\u00e1 r\u00e1d cestov\u00e1n\u00ed. Nebo vy zn\u00e1te n\u011bkoho, kdo nem\u00e1 r\u00e1d cestov\u00e1n\u00ed a rad\u011bji sed\u00ed doma? Mysl\u00edm si, \u017ee cestov\u00e1n\u00ed je tak\u00e9 formou prevence t\u0159eba nap\u0159\u00edklad stresu anebo negativn\u00edch my\u0161lenek. J\u00e1 sama moc r\u00e1da cestuji, a to u\u017e od \u00fatl\u00e9ho d\u011btstv\u00ed. Mysl\u00edm si, tak\u017ee kdy\u017e jsem byla asi ve \u0161kolkovn\u00e9m v\u011bku, kdy\u017e jsem poprv\u00e9 vyrazila do zahrani\u010d\u00ed s rodi\u010di. A tak\u00e9 s m\u00fdm star\u0161\u00edm bratrem. Mus\u00edm uznat, \u017ee jo moje prvn\u00ed cesta do zahrani\u010d\u00ed byla Chorvatsko. Mus\u00edm uznat, \u017ee to bylo opravdu perfektn\u00ed. Vy si mo\u017en\u00e1 \u0159\u00edk\u00e1te, \u017ee Chorvatsko nen\u00ed nic moc, ale kdy\u017e jste d\u00edt\u011b a jste tam \u00fapln\u00fd n\u011bkde poprv\u00e9, tak je logick\u00e9, \u017ee v\u00e1s to cel\u00e9 dostane a uhrane. V tomto Chorvatsku jsme byli deset dn\u00ed a mus\u00edm uznat, \u017ee v t\u00e9 dob\u011b to pro m\u011b bylo opravdu nejlep\u0161\u00edch deset dn\u00ed v m\u00e9m \u017eivot\u011b. Bylo mi sice necel\u00fdch \u0161est let, ale dote\u010f si to pamatuji, jak to bylo perfektn\u00ed a jak von\u00ed mo\u0159e anebo jak jsem chodila po kr\u00e1sn\u00e9 pl\u00e1\u017ei, kter\u00e1 m\u011b p\u00e1lila do noh. Nebo jak jsem sn\u011bdla t\u0159eba t\u0159i nanuky za cel\u00fd den a potom vydatn\u00e9 ob\u011bdy. A kdybyste t\u0159eba vid\u011bli ty lahodn\u00e9 \u0161pagety anebo tak\u00e9 chorvatskou pizzu, tak byste se olizovali a\u017e za u\u0161ima a cht\u011bli byste do Chorvatska cestovat opravdu ka\u017ed\u00fd rok a mo\u017en\u00e1 i dvakr\u00e1t ro\u010dn\u011b. J\u00e1 jsem v Chorvatsku byla u\u017e asi desetkr\u00e1t, a to je mi dvacet p\u011bt let. Mus\u00edm uznat, \u017ee Chorvatsko je moje srdcov\u00e1 z\u00e1le\u017eitost, a to hlavn\u011b kv\u016fli tomu, \u017ee to vlastn\u011b byla moje prvn\u00ed dovolen\u00e1, kde jsem byla jako d\u00edt\u011b. Tak\u00e9\u00a0jsem u\u017e asi p\u011btkr\u00e1t byla v It\u00e1lii, a dokonce jsem byla dvakr\u00e1t v Austr\u00e1lii. Cestov\u00e1n\u00ed je prost\u011b m\u016fj \u017eivot a bav\u00ed m\u011b to a absolutn\u011b si nedok\u00e1\u017ei p\u0159edstavit, kdyby mi n\u011bkdo \u0159ekl, \u017ee u\u017e se cestovat nem\u016f\u017ee, \u017ee to je t\u0159eba nap\u0159\u00edklad zak\u00e1zan\u00e9. Ani nev\u00edte, co pro m\u011b bylo velice slo\u017eit\u00e9 a n\u00e1ro\u010dn\u00e9, kdy\u017e byla krize a byla koronavirov\u00e1 opat\u0159en\u00ed, \u017ee \u010dlov\u011bk nesm\u011bl opustit svou zemi a nato\u017e pak sv\u016fj byt. Museli jsme st\u00e1le jenom sed\u011bt doma a nemohli jsme ani cestovat ani vyj\u00edt z domu p\u0159ed d\u016fm. Opravdu hodn\u011b m\u011b to vadilo, proto\u017ee jsem byla tak z\u00e1visl\u00e1 na cestov\u00e1n\u00ed, kdy jsem jezdila t\u0159eba i t\u0159ikr\u00e1t nebo \u010dty\u0159ikr\u00e1t ro\u010dn\u011b n\u011bkam do zahrani\u010d\u00ed. Tak\u017ee pro m\u011b bylo velice n\u00e1ro\u010dn\u00e9, \u017ee jsem dva roky nebyla opravdu nikde. To jsem potom jela do Chorvatska a potom z Chorvatska rovnou do It\u00e1lie a potom je\u0161t\u011b do Austr\u00e1lie. Cestov\u00e1n\u00ed miluji.\u00a0                                                                                                                                                                                                                                                                                                                                                                                        4.4\/5 - (8 votes)        "},{"@context":"https:\/\/schema.org\/","@type":"BreadcrumbList","itemListElement":[{"@type":"ListItem","position":1,"name":"R\u00e1da cestuji","item":"https:\/\/www.erlas.cz\/rada-cestuji\/#breadcrumbitem"}]}]