[{"@context":"https:\/\/schema.org\/","@type":"Article","@id":"https:\/\/www.erlas.cz\/promena-cloveka\/#Article","mainEntityOfPage":"https:\/\/www.erlas.cz\/promena-cloveka\/","headline":"Prom\u011bna \u010dlov\u011bka","name":"Prom\u011bna \u010dlov\u011bka","description":"Kdy k tomu dojde? To je r\u016fzn\u00e9. Z\u00e1le\u017e\u00ed to p\u0159edev\u0161\u00edm","datePublished":"2022-09-18","dateModified":"2022-09-18","author":{"@type":"Person","@id":"https:\/\/www.erlas.cz\/author\/#Person","name":"","url":"https:\/\/www.erlas.cz\/author\/","identifier":1,"image":{"@type":"ImageObject","@id":"https:\/\/secure.gravatar.com\/avatar\/091b4d684e9af597ec9885a078917281e353fb1084ff05c94355123dbb14e899?s=96&d=mm&r=g","url":"https:\/\/secure.gravatar.com\/avatar\/091b4d684e9af597ec9885a078917281e353fb1084ff05c94355123dbb14e899?s=96&d=mm&r=g","height":96,"width":96}},"publisher":{"@type":"Organization","name":"erlas.cz","logo":{"@type":"ImageObject","@id":"\/logo.png","url":"\/logo.png","width":600,"height":60}},"image":{"@type":"ImageObject","@id":"https:\/\/www.erlas.cz\/wp-content\/uploads\/baby_pram.jpg","url":"https:\/\/www.erlas.cz\/wp-content\/uploads\/baby_pram.jpg","height":0,"width":0},"url":"https:\/\/www.erlas.cz\/promena-cloveka\/","about":["N\u00e1kupy"],"wordCount":447,"articleBody":"   Kdy k tomu dojde? To je r\u016fzn\u00e9. Z\u00e1le\u017e\u00ed to p\u0159edev\u0161\u00edm na \u010dlov\u011bku samotn\u00e9m. U n\u011bkoho to b\u00fdv\u00e1 d\u0159\u00edve a u n\u011bkoho pozd\u011bji. Ale ta z\u00e1sadn\u00ed zm\u011bna nep\u0159ich\u00e1z\u00ed hned po svatb\u011b, ale v\u011bt\u0161inou a\u017e po narozen\u00ed d\u00edt\u011bte. Tuto radostnou ud\u00e1lost nelze v \u017e\u00e1dn\u00e9m p\u0159\u00edpad\u011b pominout, proto\u017ee po n\u00ed bude v\u0161e jin\u00e9. Ono se to m\u011bn\u00ed ji\u017e p\u0159ed jeho narozen\u00edm, ale to jsou jen takov\u00e9 drobnosti. P\u0159\u00edpravy na to, co m\u00e1 p\u0159ij\u00edt. A kdy\u017e se rob\u00e1tko narod\u00ed, jsou v\u0161ichni \u0161t\u011bst\u00edm bez sebe a kolem mal\u00e9ho je p\u011bkn\u00fd koloto\u010d. A tu p\u0159ich\u00e1zej\u00ed zm\u011bny, neb \u017eena se star\u00e1 o d\u00edt\u011b, nem\u00e1 na man\u017eela n\u011bkdy \u010das a on se j\u00ed sna\u017e\u00ed pom\u00e1hat, ale tak\u00e9 nem\u016f\u017ee v jednom kuse a tu se po n\u011bjak\u00e9 dob\u011b l\u00e1me chleba. Ov\u0161em tento \u010dl\u00e1nek zde nen\u00ed proto, aby \u0159e\u0161il vztahy, ale doporu\u010dil n\u011bco pro d\u00edt\u011b. Co? Inu, ko\u010d\u00e1rek, to bude jeho poj\u00edzdn\u00e9 bydli\u0161t\u011b. N\u011bkdo jej kupuje ji\u017e p\u0159ed narozen\u00edm, druh\u00fd je pov\u011br\u010div\u00fd, a tak \u010dek\u00e1 a\u017e po, a t\u0159et\u00ed se rozhoduje. Je naprosto jedno kdy se tato veled\u016fle\u017eit\u00e1 v\u011bc po\u0159\u00edd\u00ed. Podstatn\u00e9 je to, aby vyhovovala d\u00edt\u011bti a pak tak\u00e9 i rodi\u010d\u016fm. Ti p\u0159ece budou s ko\u010d\u00e1rkem jezdit a v\u0161elijak s n\u00edm manipulovat. Tak\u017ee mus\u00ed b\u00fdt vhodn\u00fd tak\u00e9 pro n\u011b. Ale jak vybrat? Porad\u00edm zcela nezi\u0161tn\u011b. Na prvn\u00edm m\u00edst\u011b je bezpe\u010dnost a pak teprve kr\u00e1sa. Tak\u017ee, ko\u010d\u00e1rek mus\u00ed b\u00fdt bezpe\u010dn\u00fd, m\u00edt spoustu funkc\u00ed a na posledn\u00edm m\u00edst\u011b mus\u00ed b\u00fdt i vzhledov\u011b hezk\u00fd. Tyto v\u0161echny krit\u00e9ria m\u00e1 nap\u0159\u00edklad ko\u010d\u00e1rek Riko Villa. A to v\u0161echny jeho varianty. Nelze zde zm\u00ednit v\u0161echny jeho v\u00fdhody, proto\u017ee to by byl dal\u0161\u00ed \u010dl\u00e1nek. J\u00e1 jsem vybral nam\u00e1tkou tu, kterou jsem s\u00e1m chv\u00e1lil nejv\u00edce, a to mo\u017enost m\u011bnit tvrdost nafukovac\u00edch kol. Tato regulace tvrdosti http:\/\/www.gymkren.cz\/studium\/prijimaci-rizeni\/kriteria-prijimaciho-rizeni\/  m\u00e1 tu v\u00fdhodu, \u017ee m\u016f\u017eete s ko\u010d\u00e1rkem naprosto v\u0161ude mimo Mount Everestu. Zvl\u00e1dne ka\u017ed\u00fd ter\u00e9n, jen je t\u0159eba pochopiteln\u011b v tom \u0161patn\u00e9m zv\u00fd\u0161en\u00e1 opatrnost. Rozhodnete-li se pro tento ko\u010d\u00e1rek, budete naprosto spokojeni jak vy, tak va\u0161e ratolest. Zcela jist\u011b nebudete koup\u011b tohoto v\u00fdrobku litovat.                                                                                                                                                                                                                                                                                                                                                                                           4.2\/5 - (5 votes)        "},{"@context":"https:\/\/schema.org\/","@type":"BreadcrumbList","itemListElement":[{"@type":"ListItem","position":1,"name":"Prom\u011bna \u010dlov\u011bka","item":"https:\/\/www.erlas.cz\/promena-cloveka\/#breadcrumbitem"}]}]