[{"@context":"https:\/\/schema.org\/","@type":"Blog","@id":"https:\/\/www.erlas.cz#Blog","headline":"Erlas","description":"\nR\u016fzn\u00e9 weby slou\u017e\u00ed lidem v r\u016fzn\u00fdch situac\u00edch r\u016fzn\u011b. A co se t\u00fdk\u00e1 na\u0161eho webu, na tom se sna\u017e\u00edme maxim\u00e1ln\u011b pomoci v\u0161em, kdo na\u0161i pomoc pot\u0159ebuj\u00ed.","url":"https:\/\/www.erlas.cz","hasPart":[{"@type":"Article","@id":"https:\/\/www.erlas.cz\/reknete-stop-vysokym-vydajum-za-elektrinu\/","headline":"\u0158ekn\u011bte stop vysok\u00fdm v\u00fddaj\u016fm za elekt\u0159inu","url":"https:\/\/www.erlas.cz\/reknete-stop-vysokym-vydajum-za-elektrinu\/","datePublished":"2024-08-12","dateModified":"2024-08-12","mainEntityOfPage":"https:\/\/www.erlas.cz\/reknete-stop-vysokym-vydajum-za-elektrinu\/","author":{"@type":"Person","@id":"https:\/\/www.erlas.cz\/author\/#Person","name":"","url":"https:\/\/www.erlas.cz\/author\/","identifier":1,"image":{"@type":"ImageObject","@id":"https:\/\/secure.gravatar.com\/avatar\/091b4d684e9af597ec9885a078917281e353fb1084ff05c94355123dbb14e899?s=96&d=mm&r=g","url":"https:\/\/secure.gravatar.com\/avatar\/091b4d684e9af597ec9885a078917281e353fb1084ff05c94355123dbb14e899?s=96&d=mm&r=g","height":96,"width":96}},"publisher":{"@type":"Organization","name":"erlas.cz","logo":{"@type":"ImageObject","@id":"\/logo.png","url":"\/logo.png","width":600,"height":60}},"image":null,"wordCount":478,"keywords":null},{"@type":"Article","@id":"https:\/\/www.erlas.cz\/mineralni-vata-je-osvedceny-izolacni-material\/","headline":"Miner\u00e1ln\u00ed vata je osv\u011bd\u010den\u00fd izola\u010dn\u00ed materi\u00e1l","url":"https:\/\/www.erlas.cz\/mineralni-vata-je-osvedceny-izolacni-material\/","datePublished":"2024-05-20","dateModified":"2024-05-20","mainEntityOfPage":"https:\/\/www.erlas.cz\/mineralni-vata-je-osvedceny-izolacni-material\/","author":{"@type":"Person","@id":"https:\/\/www.erlas.cz\/author\/#Person","name":"","url":"https:\/\/www.erlas.cz\/author\/","identifier":1,"image":{"@type":"ImageObject","@id":"https:\/\/secure.gravatar.com\/avatar\/091b4d684e9af597ec9885a078917281e353fb1084ff05c94355123dbb14e899?s=96&d=mm&r=g","url":"https:\/\/secure.gravatar.com\/avatar\/091b4d684e9af597ec9885a078917281e353fb1084ff05c94355123dbb14e899?s=96&d=mm&r=g","height":96,"width":96}},"publisher":{"@type":"Organization","name":"erlas.cz","logo":{"@type":"ImageObject","@id":"\/logo.png","url":"\/logo.png","width":600,"height":60}},"image":{"@type":"ImageObject","@id":"https:\/\/www.erlas.cz\/wp-content\/uploads\/house-1353389_640_8.jpg","url":"https:\/\/www.erlas.cz\/wp-content\/uploads\/house-1353389_640_8.jpg","height":0,"width":0},"wordCount":490,"keywords":null},{"@type":"Article","@id":"https:\/\/www.erlas.cz\/soucast-kazde-domacnosti\/","headline":"Sou\u010d\u00e1st ka\u017ed\u00e9 dom\u00e1cnosti","url":"https:\/\/www.erlas.cz\/soucast-kazde-domacnosti\/","datePublished":"2024-04-21","dateModified":"2024-04-21","mainEntityOfPage":"https:\/\/www.erlas.cz\/soucast-kazde-domacnosti\/","author":{"@type":"Person","@id":"https:\/\/www.erlas.cz\/author\/#Person","name":"","url":"https:\/\/www.erlas.cz\/author\/","identifier":1,"image":{"@type":"ImageObject","@id":"https:\/\/secure.gravatar.com\/avatar\/091b4d684e9af597ec9885a078917281e353fb1084ff05c94355123dbb14e899?s=96&d=mm&r=g","url":"https:\/\/secure.gravatar.com\/avatar\/091b4d684e9af597ec9885a078917281e353fb1084ff05c94355123dbb14e899?s=96&d=mm&r=g","height":96,"width":96}},"publisher":{"@type":"Organization","name":"erlas.cz","logo":{"@type":"ImageObject","@id":"\/logo.png","url":"\/logo.png","width":600,"height":60}},"image":null,"wordCount":302,"keywords":null},{"@type":"Article","@id":"https:\/\/www.erlas.cz\/odstrante-zle-vzpominky\/","headline":"Odstra\u0148te zl\u00e9 vzpom\u00ednky","url":"https:\/\/www.erlas.cz\/odstrante-zle-vzpominky\/","datePublished":"2024-04-17","dateModified":"2024-04-17","mainEntityOfPage":"https:\/\/www.erlas.cz\/odstrante-zle-vzpominky\/","author":{"@type":"Person","@id":"https:\/\/www.erlas.cz\/author\/#Person","name":"","url":"https:\/\/www.erlas.cz\/author\/","identifier":1,"image":{"@type":"ImageObject","@id":"https:\/\/secure.gravatar.com\/avatar\/091b4d684e9af597ec9885a078917281e353fb1084ff05c94355123dbb14e899?s=96&d=mm&r=g","url":"https:\/\/secure.gravatar.com\/avatar\/091b4d684e9af597ec9885a078917281e353fb1084ff05c94355123dbb14e899?s=96&d=mm&r=g","height":96,"width":96}},"publisher":{"@type":"Organization","name":"erlas.cz","logo":{"@type":"ImageObject","@id":"\/logo.png","url":"\/logo.png","width":600,"height":60}},"image":null,"wordCount":280,"keywords":null},{"@type":"Article","@id":"https:\/\/www.erlas.cz\/be-happy\/","headline":"Be happy","url":"https:\/\/www.erlas.cz\/be-happy\/","datePublished":"2024-04-16","dateModified":"2024-05-16","mainEntityOfPage":"https:\/\/www.erlas.cz\/be-happy\/","author":{"@type":"Person","@id":"https:\/\/www.erlas.cz\/author\/#Person","name":"","url":"https:\/\/www.erlas.cz\/author\/","identifier":1,"image":{"@type":"ImageObject","@id":"https:\/\/secure.gravatar.com\/avatar\/091b4d684e9af597ec9885a078917281e353fb1084ff05c94355123dbb14e899?s=96&d=mm&r=g","url":"https:\/\/secure.gravatar.com\/avatar\/091b4d684e9af597ec9885a078917281e353fb1084ff05c94355123dbb14e899?s=96&d=mm&r=g","height":96,"width":96}},"publisher":{"@type":"Organization","name":"erlas.cz","logo":{"@type":"ImageObject","@id":"\/logo.png","url":"\/logo.png","width":600,"height":60}},"image":{"@type":"ImageObject","@id":"https:\/\/www.erlas.cz\/wp-content\/uploads\/money-3496723_960_720_3.jpg","url":"https:\/\/www.erlas.cz\/wp-content\/uploads\/money-3496723_960_720_3.jpg","height":0,"width":0},"wordCount":537,"keywords":null},{"@type":"Article","@id":"https:\/\/www.erlas.cz\/s-nami-si-udelate-z-bytu-hotove-kralovstvi\/","headline":"S n\u00e1mi si ud\u011bl\u00e1te z bytu hotov\u00e9 kr\u00e1lovstv\u00ed","url":"https:\/\/www.erlas.cz\/s-nami-si-udelate-z-bytu-hotove-kralovstvi\/","datePublished":"2024-04-14","dateModified":"2024-04-14","mainEntityOfPage":"https:\/\/www.erlas.cz\/s-nami-si-udelate-z-bytu-hotove-kralovstvi\/","author":{"@type":"Person","@id":"https:\/\/www.erlas.cz\/author\/#Person","name":"","url":"https:\/\/www.erlas.cz\/author\/","identifier":1,"image":{"@type":"ImageObject","@id":"https:\/\/secure.gravatar.com\/avatar\/091b4d684e9af597ec9885a078917281e353fb1084ff05c94355123dbb14e899?s=96&d=mm&r=g","url":"https:\/\/secure.gravatar.com\/avatar\/091b4d684e9af597ec9885a078917281e353fb1084ff05c94355123dbb14e899?s=96&d=mm&r=g","height":96,"width":96}},"publisher":{"@type":"Organization","name":"erlas.cz","logo":{"@type":"ImageObject","@id":"\/logo.png","url":"\/logo.png","width":600,"height":60}},"image":null,"wordCount":287,"keywords":null},{"@type":"Article","@id":"https:\/\/www.erlas.cz\/jizni-morava-je-krasna\/","headline":"Ji\u017en\u00ed Morava je kr\u00e1sn\u00e1","url":"https:\/\/www.erlas.cz\/jizni-morava-je-krasna\/","datePublished":"2024-04-13","dateModified":"2024-04-13","mainEntityOfPage":"https:\/\/www.erlas.cz\/jizni-morava-je-krasna\/","author":{"@type":"Person","@id":"https:\/\/www.erlas.cz\/author\/#Person","name":"","url":"https:\/\/www.erlas.cz\/author\/","identifier":1,"image":{"@type":"ImageObject","@id":"https:\/\/secure.gravatar.com\/avatar\/091b4d684e9af597ec9885a078917281e353fb1084ff05c94355123dbb14e899?s=96&d=mm&r=g","url":"https:\/\/secure.gravatar.com\/avatar\/091b4d684e9af597ec9885a078917281e353fb1084ff05c94355123dbb14e899?s=96&d=mm&r=g","height":96,"width":96}},"publisher":{"@type":"Organization","name":"erlas.cz","logo":{"@type":"ImageObject","@id":"\/logo.png","url":"\/logo.png","width":600,"height":60}},"image":{"@type":"ImageObject","@id":"https:\/\/www.erlas.cz\/wp-content\/uploads\/wine-4754203_640.jpg","url":"https:\/\/www.erlas.cz\/wp-content\/uploads\/wine-4754203_640.jpg","height":0,"width":0},"wordCount":582,"keywords":null},{"@type":"Article","@id":"https:\/\/www.erlas.cz\/stavba-a-jake-vyhody-vam-to-prinasi\/","headline":"Stavba a jak\u00e9 v\u00fdhody v\u00e1m to p\u0159in\u00e1\u0161\u00ed","url":"https:\/\/www.erlas.cz\/stavba-a-jake-vyhody-vam-to-prinasi\/","datePublished":"2024-04-13","dateModified":"2024-05-20","mainEntityOfPage":"https:\/\/www.erlas.cz\/stavba-a-jake-vyhody-vam-to-prinasi\/","author":{"@type":"Person","@id":"https:\/\/www.erlas.cz\/author\/#Person","name":"","url":"https:\/\/www.erlas.cz\/author\/","identifier":1,"image":{"@type":"ImageObject","@id":"https:\/\/secure.gravatar.com\/avatar\/091b4d684e9af597ec9885a078917281e353fb1084ff05c94355123dbb14e899?s=96&d=mm&r=g","url":"https:\/\/secure.gravatar.com\/avatar\/091b4d684e9af597ec9885a078917281e353fb1084ff05c94355123dbb14e899?s=96&d=mm&r=g","height":96,"width":96}},"publisher":{"@type":"Organization","name":"erlas.cz","logo":{"@type":"ImageObject","@id":"\/logo.png","url":"\/logo.png","width":600,"height":60}},"image":{"@type":"ImageObject","@id":"https:\/\/www.erlas.cz\/wp-content\/uploads\/house-66627_640_1.jpg","url":"https:\/\/www.erlas.cz\/wp-content\/uploads\/house-66627_640_1.jpg","height":0,"width":0},"wordCount":744,"keywords":null},{"@type":"Article","@id":"https:\/\/www.erlas.cz\/dum-na-kterem-nesmi-chybet-fotovoltaika\/","headline":"D\u016fm na kter\u00e9m nesm\u00ed chyb\u011bt fotovoltaika","url":"https:\/\/www.erlas.cz\/dum-na-kterem-nesmi-chybet-fotovoltaika\/","datePublished":"2024-04-09","dateModified":"2024-04-10","mainEntityOfPage":"https:\/\/www.erlas.cz\/dum-na-kterem-nesmi-chybet-fotovoltaika\/","author":{"@type":"Person","@id":"https:\/\/www.erlas.cz\/author\/#Person","name":"","url":"https:\/\/www.erlas.cz\/author\/","identifier":1,"image":{"@type":"ImageObject","@id":"https:\/\/secure.gravatar.com\/avatar\/091b4d684e9af597ec9885a078917281e353fb1084ff05c94355123dbb14e899?s=96&d=mm&r=g","url":"https:\/\/secure.gravatar.com\/avatar\/091b4d684e9af597ec9885a078917281e353fb1084ff05c94355123dbb14e899?s=96&d=mm&r=g","height":96,"width":96}},"publisher":{"@type":"Organization","name":"erlas.cz","logo":{"@type":"ImageObject","@id":"\/logo.png","url":"\/logo.png","width":600,"height":60}},"image":{"@type":"ImageObject","@id":"https:\/\/www.erlas.cz\/wp-content\/uploads\/istockphoto-1473638758-612x612.jpg","url":"https:\/\/www.erlas.cz\/wp-content\/uploads\/istockphoto-1473638758-612x612.jpg","height":0,"width":0},"wordCount":586,"keywords":null},{"@type":"Article","@id":"https:\/\/www.erlas.cz\/obrovska-nabidka-krasnych-a-modernich-svicek-za-super-ceny-je-tu\/","headline":"Obrovsk\u00e1 nab\u00eddka kr\u00e1sn\u00fdch a modern\u00edch sv\u00ed\u010dek za super ceny je tu!","url":"https:\/\/www.erlas.cz\/obrovska-nabidka-krasnych-a-modernich-svicek-za-super-ceny-je-tu\/","datePublished":"2024-04-03","dateModified":"2024-04-03","mainEntityOfPage":"https:\/\/www.erlas.cz\/obrovska-nabidka-krasnych-a-modernich-svicek-za-super-ceny-je-tu\/","author":{"@type":"Person","@id":"https:\/\/www.erlas.cz\/author\/#Person","name":"","url":"https:\/\/www.erlas.cz\/author\/","identifier":1,"image":{"@type":"ImageObject","@id":"https:\/\/secure.gravatar.com\/avatar\/091b4d684e9af597ec9885a078917281e353fb1084ff05c94355123dbb14e899?s=96&d=mm&r=g","url":"https:\/\/secure.gravatar.com\/avatar\/091b4d684e9af597ec9885a078917281e353fb1084ff05c94355123dbb14e899?s=96&d=mm&r=g","height":96,"width":96}},"publisher":{"@type":"Organization","name":"erlas.cz","logo":{"@type":"ImageObject","@id":"\/logo.png","url":"\/logo.png","width":600,"height":60}},"image":null,"wordCount":258,"keywords":null}]},{"@context":"https:\/\/schema.org","@type":"WebSite","@id":"https:\/\/www.erlas.cz\/#website","name":"Erlas","url":"https:\/\/www.erlas.cz","potentialAction":{"@type":"SearchAction","target":"https:\/\/www.erlas.cz\/?s={search_term_string}","query-input":"required name=search_term_string"}}]