[{"@context":"https:\/\/schema.org\/","@type":"Blog","@id":"https:\/\/www.erlas.cz#Blog","headline":"Erlas","description":"\nR\u016fzn\u00e9 weby slou\u017e\u00ed lidem v r\u016fzn\u00fdch situac\u00edch r\u016fzn\u011b. A co se t\u00fdk\u00e1 na\u0161eho webu, na tom se sna\u017e\u00edme maxim\u00e1ln\u011b pomoci v\u0161em, kdo na\u0161i pomoc pot\u0159ebuj\u00ed.","url":"https:\/\/www.erlas.cz","hasPart":[{"@type":"Article","@id":"https:\/\/www.erlas.cz\/inzerce-prace-zdarma\/","headline":"Inzerce pr\u00e1ce zdarma","url":"https:\/\/www.erlas.cz\/inzerce-prace-zdarma\/","datePublished":"2025-02-21","dateModified":"2025-02-21","mainEntityOfPage":"https:\/\/www.erlas.cz\/inzerce-prace-zdarma\/","author":{"@type":"Person","@id":"https:\/\/www.erlas.cz\/author\/#Person","name":"","url":"https:\/\/www.erlas.cz\/author\/","identifier":1,"image":{"@type":"ImageObject","@id":"https:\/\/secure.gravatar.com\/avatar\/091b4d684e9af597ec9885a078917281e353fb1084ff05c94355123dbb14e899?s=96&d=mm&r=g","url":"https:\/\/secure.gravatar.com\/avatar\/091b4d684e9af597ec9885a078917281e353fb1084ff05c94355123dbb14e899?s=96&d=mm&r=g","height":96,"width":96}},"publisher":{"@type":"Organization","name":"erlas.cz","logo":{"@type":"ImageObject","@id":"\/logo.png","url":"\/logo.png","width":600,"height":60}},"image":null,"wordCount":230,"keywords":null},{"@type":"Article","@id":"https:\/\/www.erlas.cz\/how-a-shooting-range-promotes-shooting-safety\/","headline":"How a shooting range promotes shooting safety","url":"https:\/\/www.erlas.cz\/how-a-shooting-range-promotes-shooting-safety\/","datePublished":"2025-02-14","dateModified":"2025-02-14","mainEntityOfPage":"https:\/\/www.erlas.cz\/how-a-shooting-range-promotes-shooting-safety\/","author":{"@type":"Person","@id":"https:\/\/www.erlas.cz\/author\/#Person","name":"","url":"https:\/\/www.erlas.cz\/author\/","identifier":1,"image":{"@type":"ImageObject","@id":"https:\/\/secure.gravatar.com\/avatar\/091b4d684e9af597ec9885a078917281e353fb1084ff05c94355123dbb14e899?s=96&d=mm&r=g","url":"https:\/\/secure.gravatar.com\/avatar\/091b4d684e9af597ec9885a078917281e353fb1084ff05c94355123dbb14e899?s=96&d=mm&r=g","height":96,"width":96}},"publisher":{"@type":"Organization","name":"erlas.cz","logo":{"@type":"ImageObject","@id":"\/logo.png","url":"\/logo.png","width":600,"height":60}},"image":{"@type":"ImageObject","@id":"https:\/\/www.erlas.cz\/wp-content\/uploads\/rex-allen-4S-ixn0qCkE-unsplash.jpg","url":"https:\/\/www.erlas.cz\/wp-content\/uploads\/rex-allen-4S-ixn0qCkE-unsplash.jpg","height":0,"width":0},"wordCount":461,"keywords":null},{"@type":"Article","@id":"https:\/\/www.erlas.cz\/nase-oznameni-nema-konkurenci\/","headline":"Na\u0161e ozn\u00e1men\u00ed nem\u00e1 konkurenci","url":"https:\/\/www.erlas.cz\/nase-oznameni-nema-konkurenci\/","datePublished":"2025-02-12","dateModified":"2025-02-12","mainEntityOfPage":"https:\/\/www.erlas.cz\/nase-oznameni-nema-konkurenci\/","author":{"@type":"Person","@id":"https:\/\/www.erlas.cz\/author\/#Person","name":"","url":"https:\/\/www.erlas.cz\/author\/","identifier":1,"image":{"@type":"ImageObject","@id":"https:\/\/secure.gravatar.com\/avatar\/091b4d684e9af597ec9885a078917281e353fb1084ff05c94355123dbb14e899?s=96&d=mm&r=g","url":"https:\/\/secure.gravatar.com\/avatar\/091b4d684e9af597ec9885a078917281e353fb1084ff05c94355123dbb14e899?s=96&d=mm&r=g","height":96,"width":96}},"publisher":{"@type":"Organization","name":"erlas.cz","logo":{"@type":"ImageObject","@id":"\/logo.png","url":"\/logo.png","width":600,"height":60}},"image":null,"wordCount":260,"keywords":null},{"@type":"Article","@id":"https:\/\/www.erlas.cz\/super-strihy-ktere-jsou-velmi-modni\/","headline":"Super st\u0159ihy, kter\u00e9 jsou velmi m\u00f3dn\u00ed","url":"https:\/\/www.erlas.cz\/super-strihy-ktere-jsou-velmi-modni\/","datePublished":"2025-02-11","dateModified":"2025-02-11","mainEntityOfPage":"https:\/\/www.erlas.cz\/super-strihy-ktere-jsou-velmi-modni\/","author":{"@type":"Person","@id":"https:\/\/www.erlas.cz\/author\/#Person","name":"","url":"https:\/\/www.erlas.cz\/author\/","identifier":1,"image":{"@type":"ImageObject","@id":"https:\/\/secure.gravatar.com\/avatar\/091b4d684e9af597ec9885a078917281e353fb1084ff05c94355123dbb14e899?s=96&d=mm&r=g","url":"https:\/\/secure.gravatar.com\/avatar\/091b4d684e9af597ec9885a078917281e353fb1084ff05c94355123dbb14e899?s=96&d=mm&r=g","height":96,"width":96}},"publisher":{"@type":"Organization","name":"erlas.cz","logo":{"@type":"ImageObject","@id":"\/logo.png","url":"\/logo.png","width":600,"height":60}},"image":null,"wordCount":224,"keywords":null},{"@type":"Article","@id":"https:\/\/www.erlas.cz\/vikendovy-pobyt\/","headline":"V\u00edkendov\u00fd pobyt","url":"https:\/\/www.erlas.cz\/vikendovy-pobyt\/","datePublished":"2025-02-03","dateModified":"2025-02-03","mainEntityOfPage":"https:\/\/www.erlas.cz\/vikendovy-pobyt\/","author":{"@type":"Person","@id":"https:\/\/www.erlas.cz\/author\/#Person","name":"","url":"https:\/\/www.erlas.cz\/author\/","identifier":1,"image":{"@type":"ImageObject","@id":"https:\/\/secure.gravatar.com\/avatar\/091b4d684e9af597ec9885a078917281e353fb1084ff05c94355123dbb14e899?s=96&d=mm&r=g","url":"https:\/\/secure.gravatar.com\/avatar\/091b4d684e9af597ec9885a078917281e353fb1084ff05c94355123dbb14e899?s=96&d=mm&r=g","height":96,"width":96}},"publisher":{"@type":"Organization","name":"erlas.cz","logo":{"@type":"ImageObject","@id":"\/logo.png","url":"\/logo.png","width":600,"height":60}},"image":null,"wordCount":233,"keywords":null},{"@type":"Article","@id":"https:\/\/www.erlas.cz\/reklamni-vlajky-jsou-tim-vhodnym-prostredkem-k-propagaci\/","headline":"Reklamn\u00ed vlajky jsou t\u00edm vhodn\u00fdm prost\u0159edkem k propagaci","url":"https:\/\/www.erlas.cz\/reklamni-vlajky-jsou-tim-vhodnym-prostredkem-k-propagaci\/","datePublished":"2025-01-29","dateModified":"2025-01-29","mainEntityOfPage":"https:\/\/www.erlas.cz\/reklamni-vlajky-jsou-tim-vhodnym-prostredkem-k-propagaci\/","author":{"@type":"Person","@id":"https:\/\/www.erlas.cz\/author\/#Person","name":"","url":"https:\/\/www.erlas.cz\/author\/","identifier":1,"image":{"@type":"ImageObject","@id":"https:\/\/secure.gravatar.com\/avatar\/091b4d684e9af597ec9885a078917281e353fb1084ff05c94355123dbb14e899?s=96&d=mm&r=g","url":"https:\/\/secure.gravatar.com\/avatar\/091b4d684e9af597ec9885a078917281e353fb1084ff05c94355123dbb14e899?s=96&d=mm&r=g","height":96,"width":96}},"publisher":{"@type":"Organization","name":"erlas.cz","logo":{"@type":"ImageObject","@id":"\/logo.png","url":"\/logo.png","width":600,"height":60}},"image":null,"wordCount":211,"keywords":null},{"@type":"Article","@id":"https:\/\/www.erlas.cz\/vybirate-okna-a-mate-radi-prirodni-materialy\/","headline":"Vyb\u00edr\u00e1te okna a m\u00e1te r\u00e1di p\u0159\u00edrodn\u00ed materi\u00e1ly?","url":"https:\/\/www.erlas.cz\/vybirate-okna-a-mate-radi-prirodni-materialy\/","datePublished":"2025-01-21","dateModified":"2025-01-21","mainEntityOfPage":"https:\/\/www.erlas.cz\/vybirate-okna-a-mate-radi-prirodni-materialy\/","author":{"@type":"Person","@id":"https:\/\/www.erlas.cz\/author\/#Person","name":"","url":"https:\/\/www.erlas.cz\/author\/","identifier":1,"image":{"@type":"ImageObject","@id":"https:\/\/secure.gravatar.com\/avatar\/091b4d684e9af597ec9885a078917281e353fb1084ff05c94355123dbb14e899?s=96&d=mm&r=g","url":"https:\/\/secure.gravatar.com\/avatar\/091b4d684e9af597ec9885a078917281e353fb1084ff05c94355123dbb14e899?s=96&d=mm&r=g","height":96,"width":96}},"publisher":{"@type":"Organization","name":"erlas.cz","logo":{"@type":"ImageObject","@id":"\/logo.png","url":"\/logo.png","width":600,"height":60}},"image":null,"wordCount":232,"keywords":null},{"@type":"Article","@id":"https:\/\/www.erlas.cz\/kuna-je-velky-problem\/","headline":"Kuna je velk\u00fd probl\u00e9m","url":"https:\/\/www.erlas.cz\/kuna-je-velky-problem\/","datePublished":"2025-01-20","dateModified":"2025-01-20","mainEntityOfPage":"https:\/\/www.erlas.cz\/kuna-je-velky-problem\/","author":{"@type":"Person","@id":"https:\/\/www.erlas.cz\/author\/#Person","name":"","url":"https:\/\/www.erlas.cz\/author\/","identifier":1,"image":{"@type":"ImageObject","@id":"https:\/\/secure.gravatar.com\/avatar\/091b4d684e9af597ec9885a078917281e353fb1084ff05c94355123dbb14e899?s=96&d=mm&r=g","url":"https:\/\/secure.gravatar.com\/avatar\/091b4d684e9af597ec9885a078917281e353fb1084ff05c94355123dbb14e899?s=96&d=mm&r=g","height":96,"width":96}},"publisher":{"@type":"Organization","name":"erlas.cz","logo":{"@type":"ImageObject","@id":"\/logo.png","url":"\/logo.png","width":600,"height":60}},"image":{"@type":"ImageObject","@id":"https:\/\/www.erlas.cz\/wp-content\/uploads\/pexels-georg-wietschorke-684125185-29032859.jpg","url":"https:\/\/www.erlas.cz\/wp-content\/uploads\/pexels-georg-wietschorke-684125185-29032859.jpg","height":0,"width":0},"wordCount":624,"keywords":null},{"@type":"Article","@id":"https:\/\/www.erlas.cz\/firmy-na-prodej\/","headline":"Firmy na prodej","url":"https:\/\/www.erlas.cz\/firmy-na-prodej\/","datePublished":"2025-01-15","dateModified":"2025-01-15","mainEntityOfPage":"https:\/\/www.erlas.cz\/firmy-na-prodej\/","author":{"@type":"Person","@id":"https:\/\/www.erlas.cz\/author\/#Person","name":"","url":"https:\/\/www.erlas.cz\/author\/","identifier":1,"image":{"@type":"ImageObject","@id":"https:\/\/secure.gravatar.com\/avatar\/091b4d684e9af597ec9885a078917281e353fb1084ff05c94355123dbb14e899?s=96&d=mm&r=g","url":"https:\/\/secure.gravatar.com\/avatar\/091b4d684e9af597ec9885a078917281e353fb1084ff05c94355123dbb14e899?s=96&d=mm&r=g","height":96,"width":96}},"publisher":{"@type":"Organization","name":"erlas.cz","logo":{"@type":"ImageObject","@id":"\/logo.png","url":"\/logo.png","width":600,"height":60}},"image":null,"wordCount":269,"keywords":null},{"@type":"Article","@id":"https:\/\/www.erlas.cz\/sijeme-si-vlastni-spaci-pytel\/","headline":"\u0160ijeme si vlastn\u00ed spac\u00ed pytel","url":"https:\/\/www.erlas.cz\/sijeme-si-vlastni-spaci-pytel\/","datePublished":"2025-01-14","dateModified":"2025-01-14","mainEntityOfPage":"https:\/\/www.erlas.cz\/sijeme-si-vlastni-spaci-pytel\/","author":{"@type":"Person","@id":"https:\/\/www.erlas.cz\/author\/#Person","name":"","url":"https:\/\/www.erlas.cz\/author\/","identifier":1,"image":{"@type":"ImageObject","@id":"https:\/\/secure.gravatar.com\/avatar\/091b4d684e9af597ec9885a078917281e353fb1084ff05c94355123dbb14e899?s=96&d=mm&r=g","url":"https:\/\/secure.gravatar.com\/avatar\/091b4d684e9af597ec9885a078917281e353fb1084ff05c94355123dbb14e899?s=96&d=mm&r=g","height":96,"width":96}},"publisher":{"@type":"Organization","name":"erlas.cz","logo":{"@type":"ImageObject","@id":"\/logo.png","url":"\/logo.png","width":600,"height":60}},"image":{"@type":"ImageObject","@id":"https:\/\/www.erlas.cz\/wp-content\/uploads\/pexels-cottonbro-5994748.jpg","url":"https:\/\/www.erlas.cz\/wp-content\/uploads\/pexels-cottonbro-5994748.jpg","height":0,"width":0},"wordCount":619,"keywords":null}]},{"@context":"https:\/\/schema.org","@type":"WebSite","@id":"https:\/\/www.erlas.cz\/#website","name":"Erlas","url":"https:\/\/www.erlas.cz","potentialAction":{"@type":"SearchAction","target":"https:\/\/www.erlas.cz\/?s={search_term_string}","query-input":"required name=search_term_string"}}]