[{"@context":"https:\/\/schema.org\/","@type":"Article","@id":"https:\/\/www.erlas.cz\/nestaci-si-vydelat\/#Article","mainEntityOfPage":"https:\/\/www.erlas.cz\/nestaci-si-vydelat\/","headline":"Nesta\u010d\u00ed si vyd\u011blat","name":"Nesta\u010d\u00ed si vyd\u011blat","description":"Kdy\u017e si n\u011bjak\u00fd podnik nevyd\u011bl\u00e1 dost pen\u011bz, je to s","datePublished":"2024-10-20","dateModified":"2024-10-20","author":{"@type":"Person","@id":"https:\/\/www.erlas.cz\/author\/#Person","name":"","url":"https:\/\/www.erlas.cz\/author\/","identifier":1,"image":{"@type":"ImageObject","@id":"https:\/\/secure.gravatar.com\/avatar\/091b4d684e9af597ec9885a078917281e353fb1084ff05c94355123dbb14e899?s=96&d=mm&r=g","url":"https:\/\/secure.gravatar.com\/avatar\/091b4d684e9af597ec9885a078917281e353fb1084ff05c94355123dbb14e899?s=96&d=mm&r=g","height":96,"width":96}},"publisher":{"@type":"Organization","name":"erlas.cz","logo":{"@type":"ImageObject","@id":"\/logo.png","url":"\/logo.png","width":600,"height":60}},"image":{"@type":"ImageObject","@id":"https:\/\/www.erlas.cz\/wp-content\/uploads\/pppppppppppppppppppppppppppppppppppppppppppp_8.jpg","url":"https:\/\/www.erlas.cz\/wp-content\/uploads\/pppppppppppppppppppppppppppppppppppppppppppp_8.jpg","height":0,"width":0},"url":"https:\/\/www.erlas.cz\/nestaci-si-vydelat\/","about":["Slu\u017eby"],"wordCount":397,"articleBody":"        Kdy\u017e si n\u011bjak\u00fd podnik nevyd\u011bl\u00e1 dost pen\u011bz, je to s n\u00edm nahnut\u00e9. A pokud se tato situace nezm\u011bn\u00ed, dopadne to s n\u00edm \u0161patn\u011b. O tom nikdo nepochybuje. Jen\u017ee se v\u00ed i to, \u017ee ani naopak dost velk\u00e9 p\u0159\u00edjmy firem nezaji\u0161\u0165uj\u00ed jejich bezprobl\u00e9mov\u00fd chod a spokojen\u00fd \u017eivot jejich majitel\u016f a zam\u011bstnanc\u016f. Pen\u00edze toti\u017e nesta\u010d\u00ed jenom z\u00edsk\u00e1vat v dostate\u010dn\u00e9m objemu. Dobr\u00e9 to je teprve tehdy, kdy\u017e jsou tyto i dokonale vy\u00fa\u010dtovan\u00e9. A proto se firmy neobejdou ani bez \u00fa\u010detn\u00edch. N\u011bkdo se prost\u011b mus\u00ed ve firm\u00e1ch starat o to, aby byl p\u0159ehled o p\u0159\u00edjmech a v\u00fddaj\u00edch a aby pen\u00edze spr\u00e1vn\u011b p\u0159ich\u00e1zely i odch\u00e1zely.Proto\u017ee i na tom z\u00e1le\u017e\u00ed. Kdyby si podnikatel\u00e9 dost nevyd\u011bl\u00e1vali, neusp\u011bj\u00ed, a kdyby neplatili dob\u0159e za dod\u00e1vky nebo chybovali v dan\u00edch a ostatn\u00edch povinn\u00fdch odvodech nebo neplatili spr\u00e1vn\u011b mzdy, tak\u00e9 by mohli na bezprobl\u00e9mov\u00fd \u017eivot zapomenout. Je tu prost\u011b pot\u0159eba jak n\u011bkdo, kdo pen\u00edze vyd\u011bl\u00e1, tak i n\u011bkdo, kdo se postar\u00e1 o platby a v\u0161echno pap\u00edrov\u00e1n\u00ed kolem nich. A \u017ee je to hodn\u011b \u00fa\u0159edni\u010diny! Je tu tolik p\u0159edpis\u016f, povinnost\u00ed a term\u00edn\u016f, \u017ee to sice n\u011bkte\u0159\u00ed z podnikatel\u016f zvl\u00e1daj\u00ed sami, ale n\u011bkte\u0159\u00ed tak\u00e9 ne. Neznalost ale neomlouv\u00e1 a neplat\u00ed, \u017ee nev\u011bdomost h\u0159\u00edchu ne\u010din\u00ed.Nikdo z podnikatel\u016f se nem\u016f\u017ee finan\u010dn\u00edmu \u00fa\u0159adu, zdravotn\u00ed poji\u0161\u0165ovn\u011b nebo t\u0159eba dodavatel\u016fm vymlouvat na to, \u017ee chyboval, proto\u017ee nev\u011bd\u011bl, co a jak. Nebo se na to tedy vymlouvat m\u016f\u017ee, ale takov\u00e9 v\u00fdmluvy nepomohou. A co naopak pom\u016f\u017ee? P\u0159ece vyu\u017eit\u00ed slu\u017eeb spolehliv\u00e9ho \u00fa\u010detn\u00edho. Nebo rovnou cel\u00e9 \u00fa\u010detn\u00ed firmy. A n\u011bkoho takov\u00e9ho m\u00e1 na \u00fa\u010detnictv\u00ed Praha 9. Tady p\u016fsob\u00ed i rodinn\u00e1 \u00fa\u010detn\u00ed firma, kter\u00e1 podnik\u016fm a podnikatel\u016fm pom\u00e1h\u00e1 t\u00edm, \u017ee jim \u00fa\u010detnictv\u00ed vede. P\u0159evezme v\u0161echna relevantn\u00ed data a postar\u00e1 se, aby se s firemn\u00edmi pen\u011bzi d\u011blo p\u0159esn\u011b to, co se s nimi d\u00edt m\u00e1. A ti, kdo slu\u017eeb t\u00e9to \u00fa\u010detn\u00ed firmy vyu\u017eij\u00ed, to pak maj\u00ed p\u0159i provozov\u00e1n\u00ed sv\u00e9ho byznysu daleko jednodu\u0161\u0161\u00ed.                                                                                                                                                                                                                                                                                                                                                                                          3.9\/5 - (17 votes)        "},{"@context":"https:\/\/schema.org\/","@type":"BreadcrumbList","itemListElement":[{"@type":"ListItem","position":1,"name":"Nesta\u010d\u00ed si vyd\u011blat","item":"https:\/\/www.erlas.cz\/nestaci-si-vydelat\/#breadcrumbitem"}]}]