{"@context":"https:\/\/schema.org\/","@type":"CollectionPage","@id":"https:\/\/www.erlas.cz\/nakupy\/#CollectionPage","headline":"N\u00e1kupy Category","description":"","url":"https:\/\/www.erlas.cz\/nakupy\/","hasPart":[{"@type":"Article","@id":"https:\/\/www.erlas.cz\/cvicenim-se-dobre-hubne\/","headline":"Cvi\u010den\u00edm se dob\u0159e hubne","url":"https:\/\/www.erlas.cz\/cvicenim-se-dobre-hubne\/","datePublished":"2022-10-09","dateModified":"2022-10-09","mainEntityOfPage":"https:\/\/www.erlas.cz\/cvicenim-se-dobre-hubne\/","author":{"@type":"Person","@id":"https:\/\/www.erlas.cz\/author\/#Person","name":"","url":"https:\/\/www.erlas.cz\/author\/","identifier":1,"image":{"@type":"ImageObject","@id":"https:\/\/secure.gravatar.com\/avatar\/091b4d684e9af597ec9885a078917281e353fb1084ff05c94355123dbb14e899?s=96&d=mm&r=g","url":"https:\/\/secure.gravatar.com\/avatar\/091b4d684e9af597ec9885a078917281e353fb1084ff05c94355123dbb14e899?s=96&d=mm&r=g","height":96,"width":96}},"publisher":{"@type":"Organization","name":"erlas.cz","logo":{"@type":"ImageObject","@id":"\/logo.png","url":"\/logo.png","width":600,"height":60}},"image":{"@type":"ImageObject","@id":"https:\/\/www.erlas.cz\/wp-content\/uploads\/Detail%20trampol%C3%ADny_7.jpg","url":"https:\/\/www.erlas.cz\/wp-content\/uploads\/Detail%20trampol%C3%ADny_7.jpg","height":0,"width":0},"keywords":null},{"@type":"Article","@id":"https:\/\/www.erlas.cz\/promena-cloveka\/","headline":"Prom\u011bna \u010dlov\u011bka","url":"https:\/\/www.erlas.cz\/promena-cloveka\/","datePublished":"2022-09-18","dateModified":"2022-09-18","mainEntityOfPage":"https:\/\/www.erlas.cz\/promena-cloveka\/","author":{"@type":"Person","@id":"https:\/\/www.erlas.cz\/author\/#Person","name":"","url":"https:\/\/www.erlas.cz\/author\/","identifier":1,"image":{"@type":"ImageObject","@id":"https:\/\/secure.gravatar.com\/avatar\/091b4d684e9af597ec9885a078917281e353fb1084ff05c94355123dbb14e899?s=96&d=mm&r=g","url":"https:\/\/secure.gravatar.com\/avatar\/091b4d684e9af597ec9885a078917281e353fb1084ff05c94355123dbb14e899?s=96&d=mm&r=g","height":96,"width":96}},"publisher":{"@type":"Organization","name":"erlas.cz","logo":{"@type":"ImageObject","@id":"\/logo.png","url":"\/logo.png","width":600,"height":60}},"image":{"@type":"ImageObject","@id":"https:\/\/www.erlas.cz\/wp-content\/uploads\/baby_pram.jpg","url":"https:\/\/www.erlas.cz\/wp-content\/uploads\/baby_pram.jpg","height":0,"width":0},"keywords":null}]}