{"@context":"https:\/\/schema.org\/","@type":"CollectionPage","@id":"https:\/\/www.erlas.cz\/nakupy\/#CollectionPage","headline":"N\u00e1kupy Category","description":"","url":"https:\/\/www.erlas.cz\/nakupy\/","hasPart":[{"@type":"Article","@id":"https:\/\/www.erlas.cz\/vyzdobte-si-reklamni-textil-po-svem\/","headline":"Vyzdobte si reklamn\u00ed textil po sv\u00e9m","url":"https:\/\/www.erlas.cz\/vyzdobte-si-reklamni-textil-po-svem\/","datePublished":"2023-04-07","dateModified":"2023-06-07","mainEntityOfPage":"https:\/\/www.erlas.cz\/vyzdobte-si-reklamni-textil-po-svem\/","author":{"@type":"Person","@id":"https:\/\/www.erlas.cz\/author\/#Person","name":"","url":"https:\/\/www.erlas.cz\/author\/","identifier":1,"image":{"@type":"ImageObject","@id":"https:\/\/secure.gravatar.com\/avatar\/091b4d684e9af597ec9885a078917281e353fb1084ff05c94355123dbb14e899?s=96&d=mm&r=g","url":"https:\/\/secure.gravatar.com\/avatar\/091b4d684e9af597ec9885a078917281e353fb1084ff05c94355123dbb14e899?s=96&d=mm&r=g","height":96,"width":96}},"publisher":{"@type":"Organization","name":"erlas.cz","logo":{"@type":"ImageObject","@id":"\/logo.png","url":"\/logo.png","width":600,"height":60}},"image":{"@type":"ImageObject","@id":"https:\/\/www.erlas.cz\/wp-content\/uploads\/erik-witsoe-mODxn7mOzms-unsplash.jpg","url":"https:\/\/www.erlas.cz\/wp-content\/uploads\/erik-witsoe-mODxn7mOzms-unsplash.jpg","height":0,"width":0},"keywords":null},{"@type":"Article","@id":"https:\/\/www.erlas.cz\/k-cemu-se-hodi-ratanove-kose-od-firmy-florservice\/","headline":"K \u010demu se hod\u00ed ratanov\u00e9 ko\u0161e od firmy Florservice","url":"https:\/\/www.erlas.cz\/k-cemu-se-hodi-ratanove-kose-od-firmy-florservice\/","datePublished":"2023-04-03","dateModified":"2023-05-03","mainEntityOfPage":"https:\/\/www.erlas.cz\/k-cemu-se-hodi-ratanove-kose-od-firmy-florservice\/","author":{"@type":"Person","@id":"https:\/\/www.erlas.cz\/author\/#Person","name":"","url":"https:\/\/www.erlas.cz\/author\/","identifier":1,"image":{"@type":"ImageObject","@id":"https:\/\/secure.gravatar.com\/avatar\/091b4d684e9af597ec9885a078917281e353fb1084ff05c94355123dbb14e899?s=96&d=mm&r=g","url":"https:\/\/secure.gravatar.com\/avatar\/091b4d684e9af597ec9885a078917281e353fb1084ff05c94355123dbb14e899?s=96&d=mm&r=g","height":96,"width":96}},"publisher":{"@type":"Organization","name":"erlas.cz","logo":{"@type":"ImageObject","@id":"\/logo.png","url":"\/logo.png","width":600,"height":60}},"image":{"@type":"ImageObject","@id":"https:\/\/www.erlas.cz\/wp-content\/uploads\/ratan1.png","url":"https:\/\/www.erlas.cz\/wp-content\/uploads\/ratan1.png","height":0,"width":0},"keywords":null},{"@type":"Article","@id":"https:\/\/www.erlas.cz\/sperky-pro-me\/","headline":"\u0160perky pro m\u011b","url":"https:\/\/www.erlas.cz\/sperky-pro-me\/","datePublished":"2023-03-26","dateModified":"2023-04-26","mainEntityOfPage":"https:\/\/www.erlas.cz\/sperky-pro-me\/","author":{"@type":"Person","@id":"https:\/\/www.erlas.cz\/author\/#Person","name":"","url":"https:\/\/www.erlas.cz\/author\/","identifier":1,"image":{"@type":"ImageObject","@id":"https:\/\/secure.gravatar.com\/avatar\/091b4d684e9af597ec9885a078917281e353fb1084ff05c94355123dbb14e899?s=96&d=mm&r=g","url":"https:\/\/secure.gravatar.com\/avatar\/091b4d684e9af597ec9885a078917281e353fb1084ff05c94355123dbb14e899?s=96&d=mm&r=g","height":96,"width":96}},"publisher":{"@type":"Organization","name":"erlas.cz","logo":{"@type":"ImageObject","@id":"\/logo.png","url":"\/logo.png","width":600,"height":60}},"image":{"@type":"ImageObject","@id":"https:\/\/www.erlas.cz\/wp-content\/uploads\/girl-2306831_960_720.jpg","url":"https:\/\/www.erlas.cz\/wp-content\/uploads\/girl-2306831_960_720.jpg","height":0,"width":0},"keywords":null},{"@type":"Article","@id":"https:\/\/www.erlas.cz\/kdy-je-mozna-vymena-zbozi\/","headline":"Kdy je mo\u017en\u00e1 v\u00fdm\u011bna zbo\u017e\u00ed","url":"https:\/\/www.erlas.cz\/kdy-je-mozna-vymena-zbozi\/","datePublished":"2023-03-20","dateModified":"2023-04-28","mainEntityOfPage":"https:\/\/www.erlas.cz\/kdy-je-mozna-vymena-zbozi\/","author":{"@type":"Person","@id":"https:\/\/www.erlas.cz\/author\/#Person","name":"","url":"https:\/\/www.erlas.cz\/author\/","identifier":1,"image":{"@type":"ImageObject","@id":"https:\/\/secure.gravatar.com\/avatar\/091b4d684e9af597ec9885a078917281e353fb1084ff05c94355123dbb14e899?s=96&d=mm&r=g","url":"https:\/\/secure.gravatar.com\/avatar\/091b4d684e9af597ec9885a078917281e353fb1084ff05c94355123dbb14e899?s=96&d=mm&r=g","height":96,"width":96}},"publisher":{"@type":"Organization","name":"erlas.cz","logo":{"@type":"ImageObject","@id":"\/logo.png","url":"\/logo.png","width":600,"height":60}},"image":{"@type":"ImageObject","@id":"https:\/\/www.erlas.cz\/wp-content\/uploads\/reklamace.jpg","url":"https:\/\/www.erlas.cz\/wp-content\/uploads\/reklamace.jpg","height":0,"width":0},"keywords":null},{"@type":"Article","@id":"https:\/\/www.erlas.cz\/party-stan-jako-idealni-spolecnik-pro-detske-zahradni-oslavy\/","headline":"P\u00e1rty stan jako ide\u00e1ln\u00ed spole\u010dn\u00edk pro d\u011btsk\u00e9 zahradn\u00ed oslavy","url":"https:\/\/www.erlas.cz\/party-stan-jako-idealni-spolecnik-pro-detske-zahradni-oslavy\/","datePublished":"2023-03-20","dateModified":"2023-04-25","mainEntityOfPage":"https:\/\/www.erlas.cz\/party-stan-jako-idealni-spolecnik-pro-detske-zahradni-oslavy\/","author":{"@type":"Person","@id":"https:\/\/www.erlas.cz\/author\/#Person","name":"","url":"https:\/\/www.erlas.cz\/author\/","identifier":1,"image":{"@type":"ImageObject","@id":"https:\/\/secure.gravatar.com\/avatar\/091b4d684e9af597ec9885a078917281e353fb1084ff05c94355123dbb14e899?s=96&d=mm&r=g","url":"https:\/\/secure.gravatar.com\/avatar\/091b4d684e9af597ec9885a078917281e353fb1084ff05c94355123dbb14e899?s=96&d=mm&r=g","height":96,"width":96}},"publisher":{"@type":"Organization","name":"erlas.cz","logo":{"@type":"ImageObject","@id":"\/logo.png","url":"\/logo.png","width":600,"height":60}},"image":{"@type":"ImageObject","@id":"https:\/\/www.erlas.cz\/wp-content\/uploads\/happy-birthday-g82daf67da_640.jpg","url":"https:\/\/www.erlas.cz\/wp-content\/uploads\/happy-birthday-g82daf67da_640.jpg","height":0,"width":0},"keywords":null},{"@type":"Article","@id":"https:\/\/www.erlas.cz\/hrnku-neni-nikdy-dost\/","headline":"Hrnk\u016f nen\u00ed nikdy dost","url":"https:\/\/www.erlas.cz\/hrnku-neni-nikdy-dost\/","datePublished":"2023-03-19","dateModified":"2023-04-25","mainEntityOfPage":"https:\/\/www.erlas.cz\/hrnku-neni-nikdy-dost\/","author":{"@type":"Person","@id":"https:\/\/www.erlas.cz\/author\/#Person","name":"","url":"https:\/\/www.erlas.cz\/author\/","identifier":1,"image":{"@type":"ImageObject","@id":"https:\/\/secure.gravatar.com\/avatar\/091b4d684e9af597ec9885a078917281e353fb1084ff05c94355123dbb14e899?s=96&d=mm&r=g","url":"https:\/\/secure.gravatar.com\/avatar\/091b4d684e9af597ec9885a078917281e353fb1084ff05c94355123dbb14e899?s=96&d=mm&r=g","height":96,"width":96}},"publisher":{"@type":"Organization","name":"erlas.cz","logo":{"@type":"ImageObject","@id":"\/logo.png","url":"\/logo.png","width":600,"height":60}},"image":{"@type":"ImageObject","@id":"https:\/\/www.erlas.cz\/wp-content\/uploads\/black-coffee-g286822fee_640.jpg","url":"https:\/\/www.erlas.cz\/wp-content\/uploads\/black-coffee-g286822fee_640.jpg","height":0,"width":0},"keywords":null},{"@type":"Article","@id":"https:\/\/www.erlas.cz\/cbd-muzete-uzivat-bez-obav-jake-ucinky-ma-a-pro-koho-je-vhodne\/","headline":"CBD m\u016f\u017eete u\u017e\u00edvat bez obav, jak\u00e9 \u00fa\u010dinky m\u00e1 a pro koho je vhodn\u00e9?","url":"https:\/\/www.erlas.cz\/cbd-muzete-uzivat-bez-obav-jake-ucinky-ma-a-pro-koho-je-vhodne\/","datePublished":"2023-02-28","dateModified":"2023-04-25","mainEntityOfPage":"https:\/\/www.erlas.cz\/cbd-muzete-uzivat-bez-obav-jake-ucinky-ma-a-pro-koho-je-vhodne\/","author":{"@type":"Person","@id":"https:\/\/www.erlas.cz\/author\/#Person","name":"","url":"https:\/\/www.erlas.cz\/author\/","identifier":1,"image":{"@type":"ImageObject","@id":"https:\/\/secure.gravatar.com\/avatar\/091b4d684e9af597ec9885a078917281e353fb1084ff05c94355123dbb14e899?s=96&d=mm&r=g","url":"https:\/\/secure.gravatar.com\/avatar\/091b4d684e9af597ec9885a078917281e353fb1084ff05c94355123dbb14e899?s=96&d=mm&r=g","height":96,"width":96}},"publisher":{"@type":"Organization","name":"erlas.cz","logo":{"@type":"ImageObject","@id":"\/logo.png","url":"\/logo.png","width":600,"height":60}},"image":{"@type":"ImageObject","@id":"https:\/\/www.erlas.cz\/wp-content\/uploads\/herb-2915337__340.jpg","url":"https:\/\/www.erlas.cz\/wp-content\/uploads\/herb-2915337__340.jpg","height":0,"width":0},"keywords":null},{"@type":"Article","@id":"https:\/\/www.erlas.cz\/co-vime-o-prepravkach-pro-distribuci-napoju-do-obchodni-site\/","headline":"Co v\u00edme o p\u0159epravk\u00e1ch pro distribuci n\u00e1poj\u016f do obchodn\u00ed s\u00edt\u011b","url":"https:\/\/www.erlas.cz\/co-vime-o-prepravkach-pro-distribuci-napoju-do-obchodni-site\/","datePublished":"2023-02-19","dateModified":"2023-07-24","mainEntityOfPage":"https:\/\/www.erlas.cz\/co-vime-o-prepravkach-pro-distribuci-napoju-do-obchodni-site\/","author":{"@type":"Person","@id":"https:\/\/www.erlas.cz\/author\/#Person","name":"","url":"https:\/\/www.erlas.cz\/author\/","identifier":1,"image":{"@type":"ImageObject","@id":"https:\/\/secure.gravatar.com\/avatar\/091b4d684e9af597ec9885a078917281e353fb1084ff05c94355123dbb14e899?s=96&d=mm&r=g","url":"https:\/\/secure.gravatar.com\/avatar\/091b4d684e9af597ec9885a078917281e353fb1084ff05c94355123dbb14e899?s=96&d=mm&r=g","height":96,"width":96}},"publisher":{"@type":"Organization","name":"erlas.cz","logo":{"@type":"ImageObject","@id":"\/logo.png","url":"\/logo.png","width":600,"height":60}},"image":{"@type":"ImageObject","@id":"https:\/\/www.erlas.cz\/wp-content\/uploads\/bottle-store-g7d9eb351e_640.jpg","url":"https:\/\/www.erlas.cz\/wp-content\/uploads\/bottle-store-g7d9eb351e_640.jpg","height":0,"width":0},"keywords":null},{"@type":"Article","@id":"https:\/\/www.erlas.cz\/co-nam-prozradi-kruhovy-teplomer-v-bazenu\/","headline":"Co n\u00e1m prozrad\u00ed kruhov\u00fd teplom\u011br v baz\u00e9nu","url":"https:\/\/www.erlas.cz\/co-nam-prozradi-kruhovy-teplomer-v-bazenu\/","datePublished":"2023-01-23","dateModified":"2023-04-25","mainEntityOfPage":"https:\/\/www.erlas.cz\/co-nam-prozradi-kruhovy-teplomer-v-bazenu\/","author":{"@type":"Person","@id":"https:\/\/www.erlas.cz\/author\/#Person","name":"","url":"https:\/\/www.erlas.cz\/author\/","identifier":1,"image":{"@type":"ImageObject","@id":"https:\/\/secure.gravatar.com\/avatar\/091b4d684e9af597ec9885a078917281e353fb1084ff05c94355123dbb14e899?s=96&d=mm&r=g","url":"https:\/\/secure.gravatar.com\/avatar\/091b4d684e9af597ec9885a078917281e353fb1084ff05c94355123dbb14e899?s=96&d=mm&r=g","height":96,"width":96}},"publisher":{"@type":"Organization","name":"erlas.cz","logo":{"@type":"ImageObject","@id":"\/logo.png","url":"\/logo.png","width":600,"height":60}},"image":{"@type":"ImageObject","@id":"https:\/\/www.erlas.cz\/wp-content\/uploads\/swimming-pool-thermometer-g4edfbe4c4_640.jpg","url":"https:\/\/www.erlas.cz\/wp-content\/uploads\/swimming-pool-thermometer-g4edfbe4c4_640.jpg","height":0,"width":0},"keywords":null},{"@type":"Article","@id":"https:\/\/www.erlas.cz\/slunce-je-reseni\/","headline":"Slunce je \u0159e\u0161en\u00ed","url":"https:\/\/www.erlas.cz\/slunce-je-reseni\/","datePublished":"2022-10-11","dateModified":"2022-10-11","mainEntityOfPage":"https:\/\/www.erlas.cz\/slunce-je-reseni\/","author":{"@type":"Person","@id":"https:\/\/www.erlas.cz\/author\/#Person","name":"","url":"https:\/\/www.erlas.cz\/author\/","identifier":1,"image":{"@type":"ImageObject","@id":"https:\/\/secure.gravatar.com\/avatar\/091b4d684e9af597ec9885a078917281e353fb1084ff05c94355123dbb14e899?s=96&d=mm&r=g","url":"https:\/\/secure.gravatar.com\/avatar\/091b4d684e9af597ec9885a078917281e353fb1084ff05c94355123dbb14e899?s=96&d=mm&r=g","height":96,"width":96}},"publisher":{"@type":"Organization","name":"erlas.cz","logo":{"@type":"ImageObject","@id":"\/logo.png","url":"\/logo.png","width":600,"height":60}},"image":{"@type":"ImageObject","@id":"https:\/\/www.erlas.cz\/wp-content\/uploads\/sol%C3%A1rn%C3%AD1.jpg","url":"https:\/\/www.erlas.cz\/wp-content\/uploads\/sol%C3%A1rn%C3%AD1.jpg","height":0,"width":0},"keywords":null}]}