[{"@context":"https:\/\/schema.org\/","@type":"Article","@id":"https:\/\/www.erlas.cz\/na-co-je-kolagen\/#Article","mainEntityOfPage":"https:\/\/www.erlas.cz\/na-co-je-kolagen\/","headline":"Na co je kolagen?","name":"Na co je kolagen?","description":"U\u017e jste ur\u010dit\u011b sly\u0161eli o kolagenu &#8211; z\u00e1zra\u010dn\u00e9m pomocn\u00edkovi, kter\u00fd","datePublished":"2023-12-06","dateModified":"2024-03-06","author":{"@type":"Person","@id":"https:\/\/www.erlas.cz\/author\/#Person","name":"","url":"https:\/\/www.erlas.cz\/author\/","identifier":1,"image":{"@type":"ImageObject","@id":"https:\/\/secure.gravatar.com\/avatar\/091b4d684e9af597ec9885a078917281e353fb1084ff05c94355123dbb14e899?s=96&d=mm&r=g","url":"https:\/\/secure.gravatar.com\/avatar\/091b4d684e9af597ec9885a078917281e353fb1084ff05c94355123dbb14e899?s=96&d=mm&r=g","height":96,"width":96}},"publisher":{"@type":"Organization","name":"erlas.cz","logo":{"@type":"ImageObject","@id":"\/logo.png","url":"\/logo.png","width":600,"height":60}},"image":{"@type":"ImageObject","@id":"https:\/\/www.erlas.cz\/wp-content\/uploads\/pexels-anna-shvets-3852159_1.jpg","url":"https:\/\/www.erlas.cz\/wp-content\/uploads\/pexels-anna-shvets-3852159_1.jpg","height":0,"width":0},"url":"https:\/\/www.erlas.cz\/na-co-je-kolagen\/","about":["N\u00e1kupy"],"wordCount":410,"articleBody":"   U\u017e jste ur\u010dit\u011b sly\u0161eli o kolagenu &#8211; z\u00e1zra\u010dn\u00e9m pomocn\u00edkovi, kter\u00fd v\u00e1m m\u016f\u017ee pomoct nap\u0159\u00edklad s akn\u00e9, pup\u00ednky, bolestmi kloub\u016f a porad\u00ed si dokonce i s mast\u00edc\u00edmi se vlasy. Takov\u00fd je kolagen. Mo\u017en\u00e1 byste ani nev\u011b\u0159ili tomu, \u017ee je n\u011b\u010deho takov\u00e9ho schopn\u00fd. Ale je. A je p\u0159esn\u011b ur\u010den\u00fd pro \u017eeny, kter\u00e9 si nap\u0159\u00edklad potrp\u00ed na ple\u0165. J\u00e1 nap\u0159\u00edklad kdy\u017e vstanu, jdu si vy\u010distit zuby a nevyhnu se pohybu do zrcadla. To u\u017e tak prost\u011b je. Ale druh\u00e1 v\u011bc je taky to, jestli na svoj\u00ed tv\u00e1\u0159i uvid\u00edm n\u011bjak\u00e9 pup\u00ednky. Kdy\u017e je vid\u00edm, tak se mi chce opravdu bre\u010det. Vid\u011bt pup\u00ednky na svoj\u00ed tv\u00e1\u0159i je nep\u0159\u00edjemn\u00e9 pro ka\u017edou \u017eenu. Ale pr\u00e1v\u011b kolagen to vy\u0159e\u0161\u00ed. Uvedeme si dal\u0161\u00ed p\u0159\u00edklad: mn\u011b se \u010dasto mastily vlasy. Umyla jsem si je a dva dny u\u017e jsem je mohla um\u00fdvat znovu. Ale kolagen v tomhle sm\u011bru op\u011bt zabodoval a op\u011bt jsem d\u00edky n\u011bmu z\u00edskala sebev\u011bdom\u00ed. Kolagen je prost\u011b jedni\u010dka. Pokud m\u00e1te Instagram, asi u\u017e jste si v\u0161imli, \u017ee jej propaguje hodn\u011b takov\u00fdch t\u011bch influencerek \u2013 celebrit. Ani se nediv\u00edm. I jim toti\u017e pom\u00e1h\u00e1 s r\u016fzn\u00fdmi probl\u00e9my. A pr\u00e1v\u011b kolagen je nejzn\u00e1m\u011bj\u0161\u00ed asi na ple\u0165, ale i tak si m\u016f\u017eete v\u0161imnout, \u017ee m\u00e1 v\u00edce vyu\u017eit\u00ed. Mastn\u00e9 vlasy, pup\u00ednky, bolesti kloub\u016f. A taky po n\u011bm budete &#8222;ml\u00e1dnout&#8220;. V\u011b\u0159te mi, \u017ee jsem kolagen vyzkou\u0161ela a nem\u016f\u017eu si ho vynachv\u00e1lit.Je prost\u011b perfektn\u00ed. A pomohl mi. Sta\u010d\u00ed tomu jenom v\u011b\u0159it a v\u00fdsledky potom uvid\u00edte samy. Na na\u0161em e-shopu najdete r\u016fzn\u00e9 typy kolagenu \u2013 kolagen na vlasy, pup\u00ednky, nebo na nehty, \u010di klouby. M\u016f\u017eete si vybrat, kter\u00fd v\u00e1m bude nejv\u00edce vyhovovat. A pozor. Pokud si od n\u00e1s objedn\u00e1te poprv\u00e9, dostanete k objedn\u00e1vce je\u0161t\u011b drobn\u00fd d\u00e1re\u010dek, kter\u00fd v\u00e1s pot\u011b\u0161\u00ed, zdarma. A to u\u017e se vyplat\u00ed, nebo ne? Nenechte si tuto akci uj\u00edt. Kolagen je pro v\u0161echny \u017eeny, a dokonce i mu\u017ee bez ohledu na to, kolik v\u00e1m je let anebo jak\u00e9 m\u00e1te probl\u00e9my. A obsahuje taky hodn\u011b vitam\u00edn\u016f. P\u0159esv\u011bd\u010dte se sami.                                                                                                                                                                                                                                                                                                                                                                                          4.5\/5 - (6 votes)        "},{"@context":"https:\/\/schema.org\/","@type":"BreadcrumbList","itemListElement":[{"@type":"ListItem","position":1,"name":"Na co je kolagen?","item":"https:\/\/www.erlas.cz\/na-co-je-kolagen\/#breadcrumbitem"}]}]