[{"@context":"https:\/\/schema.org\/","@type":"Article","@id":"https:\/\/www.erlas.cz\/moderni-doba\/#Article","mainEntityOfPage":"https:\/\/www.erlas.cz\/moderni-doba\/","headline":"Modern\u00ed doba","name":"Modern\u00ed doba","description":"Dne\u0161n\u00ed modern\u00ed doba pokro\u010dila. A jak pokro\u010dily i technologie, tak","datePublished":"2024-02-21","dateModified":"2024-03-22","author":{"@type":"Person","@id":"https:\/\/www.erlas.cz\/author\/#Person","name":"","url":"https:\/\/www.erlas.cz\/author\/","identifier":1,"image":{"@type":"ImageObject","@id":"https:\/\/secure.gravatar.com\/avatar\/091b4d684e9af597ec9885a078917281e353fb1084ff05c94355123dbb14e899?s=96&d=mm&r=g","url":"https:\/\/secure.gravatar.com\/avatar\/091b4d684e9af597ec9885a078917281e353fb1084ff05c94355123dbb14e899?s=96&d=mm&r=g","height":96,"width":96}},"publisher":{"@type":"Organization","name":"erlas.cz","logo":{"@type":"ImageObject","@id":"\/logo.png","url":"\/logo.png","width":600,"height":60}},"image":{"@type":"ImageObject","@id":"https:\/\/www.erlas.cz\/wp-content\/uploads\/pexels-ali-dashti-16671499_1.jpg","url":"https:\/\/www.erlas.cz\/wp-content\/uploads\/pexels-ali-dashti-16671499_1.jpg","height":0,"width":0},"url":"https:\/\/www.erlas.cz\/moderni-doba\/","about":["N\u00e1kupy"],"wordCount":383,"articleBody":"   Dne\u0161n\u00ed modern\u00ed doba pokro\u010dila. A jak pokro\u010dily i technologie, tak stejn\u011b pokro\u010dily i cigarety. Pro n\u011bkoho v\u011bc, kterou nikdy nezkusil a n\u011bkdo zase bez cigarety nedok\u00e1\u017ee vydr\u017eet ani den. Je ale fakt, \u017ee je cigareta a cigareta. A v dne\u0161n\u00ed dob\u011b u\u017e nevynalezli jen klasick\u00e9 cigarety, ale tak\u00e9 elektronick\u00e9 cigarety, kter\u00e9 jsou podle m\u00e9ho n\u00e1zoru ur\u010dit\u011b o hodn\u011b lep\u0161\u00ed. A pro\u010d? No, proto\u017ee narozd\u00edl od t\u011bch klasick\u00fdch cigaret alespo\u0148 nesmrd\u00ed. J\u00e1 sama, kdy\u017e projdu kolem n\u011bjak\u00e9ho ku\u0159\u00e1ka, tak mi to vad\u00ed. A o to v\u00edce, kdy\u017e se mnou jde t\u0159eba dcera. Nepot\u0159ebuji, aby takov\u00fd hnusn\u00fd smrad d\u00fdchala. Podle m\u011b jsou elektronick\u00e9 cigarety v\u00fdhodn\u011bj\u0161\u00ed po v\u0161ech sm\u011brech. Nesmrd\u00ed, a nav\u00edc si do nich m\u016f\u017eete d\u00e1vat r\u016fzn\u00e9 p\u0159\u00edchut\u011b, kter\u00e9 von\u00ed \u2013 to klasick\u00e1 cigareta nem\u00e1. A kdy\u017e nap\u0159\u00edklad n\u011bkam p\u0159ijdete na n\u00e1v\u0161t\u011bvu, tak je rozhodn\u011b lep\u0161\u00ed c\u00edtit kou\u0159 elektronick\u00e9 cigarety, kter\u00e1 kr\u00e1sn\u011b von\u00ed po jahod\u00e1ch, malin\u00e1ch, bor\u016fvk\u00e1ch, tropick\u00e9m ovoci, vanilce a podobn\u011b, ne\u017e kdy\u017e p\u0159ijdete a foukne na v\u00e1s smrad elektronick\u00e9 cigarety, kter\u00e1 v\u016fbec nevon\u00ed. Z toho smradu z klasick\u00e9 cigarety se mi doslova d\u011bl\u00e1 \u0161patn\u011b. A v\u011b\u0159te tomu, \u017ee nejsem jedin\u00e1, spoust\u011b lidem to vad\u00ed. Dokonce si p\u0159edstavte, \u017ee v n\u011bkter\u00fdch restaurac\u00edch u\u017e cigarety zak\u00e1zali a je to dob\u0159e. Vzhledem k tomu, \u017ee v t\u011bch restaurac\u00edch sed\u00ed i neku\u0159\u00e1ci, kter\u00fdm prost\u011b kou\u0159 klasick\u00fdch cigaret vad\u00ed, je to jedin\u011b dob\u0159e. A i z hlediska zdrav\u00ed mi elektronick\u00e1 cigareta p\u0159ijde lep\u0161\u00ed, i kdy\u017e nejsem na to \u017e\u00e1dn\u00fd odborn\u00edk, tak si mysl\u00edm, \u017ee kdy\u017e \u010dlov\u011bk kou\u0159\u00ed klasick\u00e9 cigarety, tak z toho m\u016f\u017ee m\u00edt mnohem v\u011bt\u0161\u00ed zdravotn\u00ed probl\u00e9my, ne\u017e kdy\u017e kou\u0159\u00ed elektronick\u00e9 cigarety. Ale jak to je doopravdy, to nev\u00edm, to bych to musela dop\u00e1trat na internetu. Ka\u017edop\u00e1dn\u011b a\u0165 si ka\u017ed\u00fd kou\u0159\u00ed, co chce, to je ka\u017ed\u00e9ho v\u011bc, ale a\u0165 t\u00edm smradem z cigaret neobt\u011b\u017euj\u00ed bl\u00edzk\u00e9 okol\u00ed a je to. Trochu ohleduplnosti nen\u00ed na \u0161kodu.                                                                                                                                                                                                                                                                                                                                                                                          4.7\/5 - (7 votes)        "},{"@context":"https:\/\/schema.org\/","@type":"BreadcrumbList","itemListElement":[{"@type":"ListItem","position":1,"name":"Modern\u00ed doba","item":"https:\/\/www.erlas.cz\/moderni-doba\/#breadcrumbitem"}]}]