[{"@context":"https:\/\/schema.org\/","@type":"Article","@id":"https:\/\/www.erlas.cz\/mobilni-dum-a-zivotni-styl\/#Article","mainEntityOfPage":"https:\/\/www.erlas.cz\/mobilni-dum-a-zivotni-styl\/","headline":"Mobiln\u00ed d\u016fm a \u017eivotn\u00ed styl","name":"Mobiln\u00ed d\u016fm a \u017eivotn\u00ed styl","description":"Co \u010dlov\u011bk, to odli\u0161n\u00e1 osobnost, jin\u00fd \u017eivotn\u00ed styl a jin\u00e9","datePublished":"2021-04-17","dateModified":"2023-05-31","author":{"@type":"Person","@id":"https:\/\/www.erlas.cz\/author\/#Person","name":"","url":"https:\/\/www.erlas.cz\/author\/","identifier":1,"image":{"@type":"ImageObject","@id":"https:\/\/secure.gravatar.com\/avatar\/091b4d684e9af597ec9885a078917281e353fb1084ff05c94355123dbb14e899?s=96&d=mm&r=g","url":"https:\/\/secure.gravatar.com\/avatar\/091b4d684e9af597ec9885a078917281e353fb1084ff05c94355123dbb14e899?s=96&d=mm&r=g","height":96,"width":96}},"publisher":{"@type":"Organization","name":"erlas.cz","logo":{"@type":"ImageObject","@id":"\/logo.png","url":"\/logo.png","width":600,"height":60}},"image":{"@type":"ImageObject","@id":"https:\/\/www.erlas.cz\/wp-content\/uploads\/lopatka%20na%20z%C3%A1hon%C4%9B.jpg","url":"https:\/\/www.erlas.cz\/wp-content\/uploads\/lopatka%20na%20z%C3%A1hon%C4%9B.jpg","height":0,"width":0},"url":"https:\/\/www.erlas.cz\/mobilni-dum-a-zivotni-styl\/","wordCount":418,"articleBody":"    Co \u010dlov\u011bk, to odli\u0161n\u00e1 osobnost, jin\u00fd \u017eivotn\u00ed styl a jin\u00e9 n\u00e1zory. M\u00e1me mo\u017enost volby a tak\u00e9 si ka\u017ed\u00fd den vol\u00edme sv\u00e9 osudy. Ty tak\u00e9 ovliv\u0148uje samotn\u00e9 prost\u0159ed\u00ed, kde \u017eijeme, a p\u0159edev\u0161\u00edm negativn\u00ed vlivy, kter\u00e9 n\u00e1s obklopuj\u00ed, kter\u00e9 na n\u00e1s p\u016fsob\u00ed a s nimi\u017e mus\u00edme (nebo nemus\u00edme) p\u0159ij\u00edt do styku. V tomto sm\u011bru tak\u00e9 rozhoduje i to, jak\u00e9 priority jsou pro n\u00e1s v \u017eivot\u011b d\u016fle\u017eit\u00e9, a s nimi\u017e se ztoto\u017en\u00edme.  St\u00e1le v\u00edce lid\u00ed si uv\u011bdomuje, \u017ee neblah\u00fd vliv m\u00e1 na n\u00e1\u0161 organismus stres. Je to pr\u016fvodn\u00ed jev modern\u00ed zrychlen\u00e9 doby, mnohdy m\u00e1me pocit, \u017ee nem\u00e1me na nic \u010das, jsme st\u00e1le unaven\u00ed, nedospal\u00ed, p\u016fsob\u00ed na n\u00e1s m\u011bstsk\u00fd ruch, chaos, hluk, ve\u0159ejn\u00e9 sv\u011btlen\u00ed, \u0161patn\u00e9 mezilidsk\u00e9 vztahy atd. Proto se tak\u00e9 mnoz\u00ed z n\u00e1s uchyluj\u00ed na venkov, kde tr\u00e1v\u00ed \u010das na chalup\u00e1ch nebo alespo\u0148 p\u0159i pobytu v p\u0159\u00edrod\u011b, na proch\u00e1zk\u00e1ch nebo proj\u00ed\u017e\u010fk\u00e1ch na kole.  A jsou lid\u00e9, co m\u011bstsk\u00fd \u017eivot o\u017eel\u00ed a dob\u0159e si uv\u011bdomuj\u00ed v\u00fdhody pobytu na venkov\u011b \u010di v rekrea\u010dn\u00edch oblastech. Jednou z mo\u017enost\u00ed, jak sv\u016fj \u017eivot posunout do pozitivn\u00edho sm\u011bru, jsou mobiln\u00ed domy. M\u00e1me na mysli celoro\u010dn\u011b obyvateln\u00e9, zateplen\u00e9 d\u0159evostavby, nikoli pouze sezonn\u00ed objekty na podvozku. Na vlastn\u00edm pozemku, se zahradou okrasnou \u010di u\u017eitkovou tr\u00e1v\u00edme v pr\u016fb\u011bhu roku v\u011bt\u0161inu \u010dasu venku, tak\u017ee interi\u00e9r domu sd\u00edl\u00edme p\u0159ev\u00e1\u017en\u011b v zimn\u00edm obdob\u00ed, a v takov\u00e9m prost\u0159ed\u00ed je podstatn\u00e9 p\u0159edev\u0161\u00edm to, aby byl interi\u00e9r domu vkusn\u011b a prakticky za\u0159\u00edzen, co\u017e modern\u00ed stavby tohoto typu spl\u0148uj\u00ed. Vyt\u00e1p\u011bn\u00ed lze \u0159e\u0161it mnoha zp\u016fsoby, v\u00fdhodn\u00e9 je p\u0159edev\u0161\u00edm topen\u00ed d\u0159evem v krbov\u00fdch kamnech, z finan\u010dn\u00edho hlediska i kv\u016fli jin\u00e9mu druhu tepla, kter\u00e9 prov\u00e1z\u00ed i v\u016fn\u011b d\u0159eva. K domu lze p\u0159istav\u011bt terasu s posezen\u00edm a zahradn\u00edm n\u00e1bytkem, pergolu nebo alt\u00e1n a vytvo\u0159it ze sv\u00e9ho vlastn\u00edho bydlen\u00ed n\u011bco jedine\u010dn\u00e9ho, co v\u00e1m zprost\u0159edkuje nejen vlastn\u00ed z\u00e1zem\u00ed, ale zlep\u0161\u00ed i vn\u00edm\u00e1n\u00ed okoln\u00edho prost\u0159ed\u00ed a zv\u00fd\u0161\u00ed i va\u0161i citlivost a kvalitu vlastn\u00edho \u017eivota.                                                                                                                                                                                                                                                                                                                                                                                          4\/5 - (6 votes)        "},{"@context":"https:\/\/schema.org\/","@type":"BreadcrumbList","itemListElement":[{"@type":"ListItem","position":1,"name":"Mobiln\u00ed d\u016fm a \u017eivotn\u00ed styl","item":"https:\/\/www.erlas.cz\/mobilni-dum-a-zivotni-styl\/#breadcrumbitem"}]}]