{"@context":"https:\/\/schema.org\/","@type":"CollectionPage","@id":"https:\/\/www.erlas.cz\/lifestyle\/#CollectionPage","headline":"Lifestyle Category","description":"","url":"https:\/\/www.erlas.cz\/lifestyle\/","hasPart":[{"@type":"Article","@id":"https:\/\/www.erlas.cz\/zuby-a-zdravi\/","headline":"Zuby a zdrav\u00ed","url":"https:\/\/www.erlas.cz\/zuby-a-zdravi\/","datePublished":"2024-10-01","dateModified":"2024-10-01","mainEntityOfPage":"https:\/\/www.erlas.cz\/zuby-a-zdravi\/","author":{"@type":"Person","@id":"https:\/\/www.erlas.cz\/author\/#Person","name":"","url":"https:\/\/www.erlas.cz\/author\/","identifier":1,"image":{"@type":"ImageObject","@id":"https:\/\/secure.gravatar.com\/avatar\/091b4d684e9af597ec9885a078917281e353fb1084ff05c94355123dbb14e899?s=96&d=mm&r=g","url":"https:\/\/secure.gravatar.com\/avatar\/091b4d684e9af597ec9885a078917281e353fb1084ff05c94355123dbb14e899?s=96&d=mm&r=g","height":96,"width":96}},"publisher":{"@type":"Organization","name":"erlas.cz","logo":{"@type":"ImageObject","@id":"\/logo.png","url":"\/logo.png","width":600,"height":60}},"image":{"@type":"ImageObject","@id":"https:\/\/www.erlas.cz\/wp-content\/uploads\/dentist-2530990_640(2).jpg","url":"https:\/\/www.erlas.cz\/wp-content\/uploads\/dentist-2530990_640(2).jpg","height":0,"width":0},"keywords":null},{"@type":"Article","@id":"https:\/\/www.erlas.cz\/zajimava-uvaha\/","headline":"Zaj\u00edmav\u00e1 \u00favaha","url":"https:\/\/www.erlas.cz\/zajimava-uvaha\/","datePublished":"2023-11-05","dateModified":"2023-11-05","mainEntityOfPage":"https:\/\/www.erlas.cz\/zajimava-uvaha\/","author":{"@type":"Person","@id":"https:\/\/www.erlas.cz\/author\/#Person","name":"","url":"https:\/\/www.erlas.cz\/author\/","identifier":1,"image":{"@type":"ImageObject","@id":"https:\/\/secure.gravatar.com\/avatar\/091b4d684e9af597ec9885a078917281e353fb1084ff05c94355123dbb14e899?s=96&d=mm&r=g","url":"https:\/\/secure.gravatar.com\/avatar\/091b4d684e9af597ec9885a078917281e353fb1084ff05c94355123dbb14e899?s=96&d=mm&r=g","height":96,"width":96}},"publisher":{"@type":"Organization","name":"erlas.cz","logo":{"@type":"ImageObject","@id":"\/logo.png","url":"\/logo.png","width":600,"height":60}},"image":{"@type":"ImageObject","@id":"https:\/\/www.erlas.cz\/wp-content\/uploads\/pexels-alexander-dummer-37646-133021.jpg","url":"https:\/\/www.erlas.cz\/wp-content\/uploads\/pexels-alexander-dummer-37646-133021.jpg","height":0,"width":0},"keywords":null},{"@type":"Article","@id":"https:\/\/www.erlas.cz\/plet-si-musime-hyckat-na-podzim-i-v-zime-jak-plet-pripravit-na-zmenu-pocasi-a-netrapit-ji\/","headline":"Ple\u0165 si mus\u00edme h\u00fd\u010dkat na podzim i v zim\u011b &#8211; Jak ple\u0165 p\u0159ipravit na zm\u011bnu po\u010das\u00ed a netr\u00e1pit ji?","url":"https:\/\/www.erlas.cz\/plet-si-musime-hyckat-na-podzim-i-v-zime-jak-plet-pripravit-na-zmenu-pocasi-a-netrapit-ji\/","datePublished":"2023-10-13","dateModified":"2023-10-16","mainEntityOfPage":"https:\/\/www.erlas.cz\/plet-si-musime-hyckat-na-podzim-i-v-zime-jak-plet-pripravit-na-zmenu-pocasi-a-netrapit-ji\/","author":{"@type":"Person","@id":"https:\/\/www.erlas.cz\/author\/#Person","name":"","url":"https:\/\/www.erlas.cz\/author\/","identifier":1,"image":{"@type":"ImageObject","@id":"https:\/\/secure.gravatar.com\/avatar\/091b4d684e9af597ec9885a078917281e353fb1084ff05c94355123dbb14e899?s=96&d=mm&r=g","url":"https:\/\/secure.gravatar.com\/avatar\/091b4d684e9af597ec9885a078917281e353fb1084ff05c94355123dbb14e899?s=96&d=mm&r=g","height":96,"width":96}},"publisher":{"@type":"Organization","name":"erlas.cz","logo":{"@type":"ImageObject","@id":"\/logo.png","url":"\/logo.png","width":600,"height":60}},"image":{"@type":"ImageObject","@id":"https:\/\/www.erlas.cz\/wp-content\/uploads\/pexels-photo-6560318.jpeg","url":"https:\/\/www.erlas.cz\/wp-content\/uploads\/pexels-photo-6560318.jpeg","height":0,"width":0},"keywords":null},{"@type":"Article","@id":"https:\/\/www.erlas.cz\/maliny-jako-zdrava-a-chutna-svacinka\/","headline":"Maliny jako zdrav\u00e1 a chutn\u00e1 sva\u010dinka","url":"https:\/\/www.erlas.cz\/maliny-jako-zdrava-a-chutna-svacinka\/","datePublished":"2022-10-27","dateModified":"2023-04-25","mainEntityOfPage":"https:\/\/www.erlas.cz\/maliny-jako-zdrava-a-chutna-svacinka\/","author":{"@type":"Person","@id":"https:\/\/www.erlas.cz\/author\/#Person","name":"","url":"https:\/\/www.erlas.cz\/author\/","identifier":1,"image":{"@type":"ImageObject","@id":"https:\/\/secure.gravatar.com\/avatar\/091b4d684e9af597ec9885a078917281e353fb1084ff05c94355123dbb14e899?s=96&d=mm&r=g","url":"https:\/\/secure.gravatar.com\/avatar\/091b4d684e9af597ec9885a078917281e353fb1084ff05c94355123dbb14e899?s=96&d=mm&r=g","height":96,"width":96}},"publisher":{"@type":"Organization","name":"erlas.cz","logo":{"@type":"ImageObject","@id":"\/logo.png","url":"\/logo.png","width":600,"height":60}},"image":{"@type":"ImageObject","@id":"https:\/\/www.erlas.cz\/wp-content\/uploads\/raspberry-ga24f93422_640_1.jpg","url":"https:\/\/www.erlas.cz\/wp-content\/uploads\/raspberry-ga24f93422_640_1.jpg","height":0,"width":0},"keywords":null},{"@type":"Article","@id":"https:\/\/www.erlas.cz\/cas-straveny-na-slunci-nepodcenujte-jak-se-naucit-opalovat-spravne-a-hlavne-bezpecne\/","headline":"\u010cas str\u00e1ven\u00fd na slunci nepodce\u0148ujte &#8211; Jak se nau\u010dit opalovat spr\u00e1vn\u011b a hlavn\u011b bezpe\u010dn\u011b?","url":"https:\/\/www.erlas.cz\/cas-straveny-na-slunci-nepodcenujte-jak-se-naucit-opalovat-spravne-a-hlavne-bezpecne\/","datePublished":"2022-10-27","dateModified":"2023-07-27","mainEntityOfPage":"https:\/\/www.erlas.cz\/cas-straveny-na-slunci-nepodcenujte-jak-se-naucit-opalovat-spravne-a-hlavne-bezpecne\/","author":{"@type":"Person","@id":"https:\/\/www.erlas.cz\/author\/#Person","name":"","url":"https:\/\/www.erlas.cz\/author\/","identifier":1,"image":{"@type":"ImageObject","@id":"https:\/\/secure.gravatar.com\/avatar\/091b4d684e9af597ec9885a078917281e353fb1084ff05c94355123dbb14e899?s=96&d=mm&r=g","url":"https:\/\/secure.gravatar.com\/avatar\/091b4d684e9af597ec9885a078917281e353fb1084ff05c94355123dbb14e899?s=96&d=mm&r=g","height":96,"width":96}},"publisher":{"@type":"Organization","name":"erlas.cz","logo":{"@type":"ImageObject","@id":"\/logo.png","url":"\/logo.png","width":600,"height":60}},"image":{"@type":"ImageObject","@id":"https:\/\/www.erlas.cz\/wp-content\/uploads\/pexels-photo-3618606.jpeg","url":"https:\/\/www.erlas.cz\/wp-content\/uploads\/pexels-photo-3618606.jpeg","height":0,"width":0},"keywords":null}]}