[{"@context":"https:\/\/schema.org\/","@type":"Article","@id":"https:\/\/www.erlas.cz\/kdo-by-nemel-rad-hudbu\/#Article","mainEntityOfPage":"https:\/\/www.erlas.cz\/kdo-by-nemel-rad-hudbu\/","headline":"Kdo by nem\u011bl r\u00e1d hudbu?","name":"Kdo by nem\u011bl r\u00e1d hudbu?","description":"Na trhu je dnes k dost\u00e1n\u00ed velk\u00e9 mno\u017estv\u00ed r\u016fzn\u00fdch sluch\u00e1tek.","datePublished":"2023-09-26","dateModified":"2024-01-26","author":{"@type":"Person","@id":"https:\/\/www.erlas.cz\/author\/#Person","name":"","url":"https:\/\/www.erlas.cz\/author\/","identifier":1,"image":{"@type":"ImageObject","@id":"https:\/\/secure.gravatar.com\/avatar\/091b4d684e9af597ec9885a078917281e353fb1084ff05c94355123dbb14e899?s=96&d=mm&r=g","url":"https:\/\/secure.gravatar.com\/avatar\/091b4d684e9af597ec9885a078917281e353fb1084ff05c94355123dbb14e899?s=96&d=mm&r=g","height":96,"width":96}},"publisher":{"@type":"Organization","name":"erlas.cz","logo":{"@type":"ImageObject","@id":"\/logo.png","url":"\/logo.png","width":600,"height":60}},"image":{"@type":"ImageObject","@id":"https:\/\/www.erlas.cz\/wp-content\/uploads\/airpods-5023660_640_7.jpg","url":"https:\/\/www.erlas.cz\/wp-content\/uploads\/airpods-5023660_640_7.jpg","height":0,"width":0},"url":"https:\/\/www.erlas.cz\/kdo-by-nemel-rad-hudbu\/","about":["N\u00e1kupy"],"wordCount":396,"articleBody":"   Na trhu je dnes k dost\u00e1n\u00ed velk\u00e9 mno\u017estv\u00ed r\u016fzn\u00fdch sluch\u00e1tek. Spousta lid\u00ed m\u00e1 dnes iPhone, ke kter\u00e9mu se daj\u00ed koupit p\u0159\u00edmo sluch\u00e1tka od Applu. D\u0159\u00edve byla v ka\u017ed\u00e9m balen\u00ed jable\u010dn\u00e9ho telefonu oby\u010dejn\u00e1 dr\u00e1tov\u00e1 sluch\u00e1tka, ale posledn\u00ed roky je nutn\u00e9 si je koupit zvl\u00e1\u0161\u0165. Apple p\u0159ed p\u00e1r lety p\u0159edstavil svoje prvn\u00ed bezdr\u00e1tov\u00e1 sluch\u00e1tka, kter\u00e1 si hned na\u0161la spoustu p\u0159\u00edznivc\u016f. Na to \u017ee jsou mal\u00e1 a p\u016fsob\u00ed nen\u00e1padn\u011b, poskytnou skv\u011bl\u00fd zvuk a velice dob\u0159e tlum\u00ed okoln\u00ed ruch.Netrvalo dlouho a Apple p\u0159edstavil i svoje klasick\u00e1 sluch\u00e1tka, a samoz\u0159ejm\u011b t\u00e9\u017e bezdr\u00e1tov\u00e1. Byla by chyba vyr\u00e1b\u011bt sluch\u00e1tka s klasick\u00fdm 3,5 mm jackem, proto\u017ee iPhony u\u017e d\u00e1vno nemaj\u00ed otvor, kam by se dala vlo\u017eit. Disponuj\u00ed jen nab\u00edjec\u00edm konektorem, tak\u017ee takov\u00e1 sluch\u00e1tka by byla u\u017eivatel\u016fm k ni\u010demu. Proto Apple preferuje sluch\u00e1tka bezdr\u00e1tov\u00e1. Klasick\u00e9 AirPods jsou velice popul\u00e1rn\u00ed mezi v\u0161emi v\u011bkov\u00fdmi skupinami, a to i mezi lidmi, kte\u0159\u00ed poslouchaj\u00ed sp\u00ed\u0161e podcasty a hudbu tolik nevyhled\u00e1vaj\u00ed.Airpody jsou prod\u00e1v\u00e1ny ve soci\u00e1ln\u00edm pouzd\u0159e, kter\u00e9 slou\u017e\u00ed z\u00e1rove\u0148 jako jejich nab\u00edje\u010dka. Samotn\u00e9 pouzdro potom nabijete nab\u00edje\u010dkou z telefonu a m\u016f\u017eete sledovat stav nabit\u00ed pouzdra i obou sluch\u00e1tek zvl\u00e1\u0161\u0165.AirPods se ale zat\u00edm prod\u00e1vaj\u00ed jen v b\u00edl\u00e9 barv\u011b, a pouzdro je nav\u00edc leskl\u00e9. To znamen\u00e1 \u017ee se velice rychle a snadno po\u0161kr\u00e1be i b\u011bhem b\u011b\u017en\u00e9ho no\u0161en\u00ed. Ide\u00e1ln\u00ed je po\u0159\u00eddit si obal na airpods pro ipouzdro i na klasick\u00e9 airpody, proto\u017ee d\u00edky tomu obal vydr\u017e\u00ed d\u00e9le p\u011bkn\u00fd. Existuj\u00ed i obaly nap\u0159\u00edklad s karabinou, tak\u017ee sluch\u00e1tka m\u016f\u017eete nosit v\u0161ude s sebou, i kdy\u017e jdete ven bez ta\u0161ky. Tento typ obalu je vhodn\u00fd hlavn\u011b pro sportovce, kte\u0159\u00ed \u010dasto maj\u00ed sluch\u00e1tka vybit\u00e1 a pot\u0159ebuj\u00ed je dob\u00edt i b\u011bhem tr\u00e9ninku. U n\u00e1s najdete spoustu p\u0159\u00edslu\u0161enstv\u00ed nejen k telefon\u016fm, ale i k hodink\u00e1m nebo ke sluch\u00e1tk\u016fm. Nakupte si kvalitn\u00ed kousky za velice p\u0159\u00edzniv\u00e9 ceny a u\u017e\u00edvejte si sv\u00e1 za\u0159\u00edzen\u00ed na maximum.                                                                                                                                                                                                                                                                                                                                                                                          4.4\/5 - (10 votes)        "},{"@context":"https:\/\/schema.org\/","@type":"BreadcrumbList","itemListElement":[{"@type":"ListItem","position":1,"name":"Kdo by nem\u011bl r\u00e1d hudbu?","item":"https:\/\/www.erlas.cz\/kdo-by-nemel-rad-hudbu\/#breadcrumbitem"}]}]