{"@context":"https:\/\/schema.org\/","@type":"CollectionPage","@id":"https:\/\/www.erlas.cz\/elektro\/#CollectionPage","headline":"Elektro Category","description":"","url":"https:\/\/www.erlas.cz\/elektro\/","hasPart":[{"@type":"Article","@id":"https:\/\/www.erlas.cz\/elektro-je-vsude\/","headline":"Elektro je v\u0161ude","url":"https:\/\/www.erlas.cz\/elektro-je-vsude\/","datePublished":"2024-02-28","dateModified":"2024-02-28","mainEntityOfPage":"https:\/\/www.erlas.cz\/elektro-je-vsude\/","author":{"@type":"Person","@id":"https:\/\/www.erlas.cz\/author\/#Person","name":"","url":"https:\/\/www.erlas.cz\/author\/","identifier":1,"image":{"@type":"ImageObject","@id":"https:\/\/secure.gravatar.com\/avatar\/091b4d684e9af597ec9885a078917281e353fb1084ff05c94355123dbb14e899?s=96&d=mm&r=g","url":"https:\/\/secure.gravatar.com\/avatar\/091b4d684e9af597ec9885a078917281e353fb1084ff05c94355123dbb14e899?s=96&d=mm&r=g","height":96,"width":96}},"publisher":{"@type":"Organization","name":"erlas.cz","logo":{"@type":"ImageObject","@id":"\/logo.png","url":"\/logo.png","width":600,"height":60}},"image":{"@type":"ImageObject","@id":"https:\/\/www.erlas.cz\/wp-content\/uploads\/plug-4805989_1280_1.jpg","url":"https:\/\/www.erlas.cz\/wp-content\/uploads\/plug-4805989_1280_1.jpg","height":0,"width":0},"keywords":null},{"@type":"Article","@id":"https:\/\/www.erlas.cz\/krasa-elektrokola\/","headline":"Kr\u00e1sa elektrokola","url":"https:\/\/www.erlas.cz\/krasa-elektrokola\/","datePublished":"2023-04-25","dateModified":"2024-01-26","mainEntityOfPage":"https:\/\/www.erlas.cz\/krasa-elektrokola\/","author":{"@type":"Person","@id":"https:\/\/www.erlas.cz\/author\/#Person","name":"","url":"https:\/\/www.erlas.cz\/author\/","identifier":1,"image":{"@type":"ImageObject","@id":"https:\/\/secure.gravatar.com\/avatar\/091b4d684e9af597ec9885a078917281e353fb1084ff05c94355123dbb14e899?s=96&d=mm&r=g","url":"https:\/\/secure.gravatar.com\/avatar\/091b4d684e9af597ec9885a078917281e353fb1084ff05c94355123dbb14e899?s=96&d=mm&r=g","height":96,"width":96}},"publisher":{"@type":"Organization","name":"erlas.cz","logo":{"@type":"ImageObject","@id":"\/logo.png","url":"\/logo.png","width":600,"height":60}},"image":{"@type":"ImageObject","@id":"https:\/\/www.erlas.cz\/wp-content\/uploads\/electric-bikes-1531263_1280.jpg","url":"https:\/\/www.erlas.cz\/wp-content\/uploads\/electric-bikes-1531263_1280.jpg","height":0,"width":0},"keywords":null},{"@type":"Article","@id":"https:\/\/www.erlas.cz\/pokud-se-znate-s-vlastnikem-elektro-obchodu-muze-to-mit-vyhodu\/","headline":"Pokud se zn\u00e1te s vlastn\u00edkem elektro obchodu, m\u016f\u017ee to m\u00edt v\u00fdhodu","url":"https:\/\/www.erlas.cz\/pokud-se-znate-s-vlastnikem-elektro-obchodu-muze-to-mit-vyhodu\/","datePublished":"2022-11-30","dateModified":"2023-05-31","mainEntityOfPage":"https:\/\/www.erlas.cz\/pokud-se-znate-s-vlastnikem-elektro-obchodu-muze-to-mit-vyhodu\/","author":{"@type":"Person","@id":"https:\/\/www.erlas.cz\/author\/#Person","name":"","url":"https:\/\/www.erlas.cz\/author\/","identifier":1,"image":{"@type":"ImageObject","@id":"https:\/\/secure.gravatar.com\/avatar\/091b4d684e9af597ec9885a078917281e353fb1084ff05c94355123dbb14e899?s=96&d=mm&r=g","url":"https:\/\/secure.gravatar.com\/avatar\/091b4d684e9af597ec9885a078917281e353fb1084ff05c94355123dbb14e899?s=96&d=mm&r=g","height":96,"width":96}},"publisher":{"@type":"Organization","name":"erlas.cz","logo":{"@type":"ImageObject","@id":"\/logo.png","url":"\/logo.png","width":600,"height":60}},"image":{"@type":"ImageObject","@id":"https:\/\/www.erlas.cz\/wp-content\/uploads\/sv%C4%9Btlo.JPG","url":"https:\/\/www.erlas.cz\/wp-content\/uploads\/sv%C4%9Btlo.JPG","height":0,"width":0},"keywords":null}]}