[{"@context":"https:\/\/schema.org\/","@type":"Article","@id":"https:\/\/www.erlas.cz\/elektro-je-vsude\/#Article","mainEntityOfPage":"https:\/\/www.erlas.cz\/elektro-je-vsude\/","headline":"Elektro je v\u0161ude","name":"Elektro je v\u0161ude","description":"V dne\u0161n\u00ed dob\u011b m\u00e1 mnoho lid\u00ed elektro. Podle m\u00e9ho n\u00e1zoru","datePublished":"2024-02-28","dateModified":"2024-02-28","author":{"@type":"Person","@id":"https:\/\/www.erlas.cz\/author\/#Person","name":"","url":"https:\/\/www.erlas.cz\/author\/","identifier":1,"image":{"@type":"ImageObject","@id":"https:\/\/secure.gravatar.com\/avatar\/091b4d684e9af597ec9885a078917281e353fb1084ff05c94355123dbb14e899?s=96&d=mm&r=g","url":"https:\/\/secure.gravatar.com\/avatar\/091b4d684e9af597ec9885a078917281e353fb1084ff05c94355123dbb14e899?s=96&d=mm&r=g","height":96,"width":96}},"publisher":{"@type":"Organization","name":"erlas.cz","logo":{"@type":"ImageObject","@id":"\/logo.png","url":"\/logo.png","width":600,"height":60}},"image":{"@type":"ImageObject","@id":"https:\/\/www.erlas.cz\/wp-content\/uploads\/plug-4805989_1280_1.jpg","url":"https:\/\/www.erlas.cz\/wp-content\/uploads\/plug-4805989_1280_1.jpg","height":0,"width":0},"url":"https:\/\/www.erlas.cz\/elektro-je-vsude\/","about":["Elektro"],"wordCount":444,"articleBody":"V dne\u0161n\u00ed dob\u011b m\u00e1 mnoho lid\u00ed elektro. Podle m\u00e9ho n\u00e1zoru je elektro opravdu hodn\u011b d\u016fle\u017eit\u00e9. Kdyby nebylo elektra, tak ani nev\u00edm, jak by se lid\u00e9 budili, proto\u017ee mnoho lid\u00ed se bud\u00ed t\u00edm, \u017ee si na mobiln\u00edm telefonu daj\u00ed bud\u00edk. U\u017e t\u0159eba mnoho lid\u00ed ani nepou\u017e\u00edvat ty klasick\u00fd retro bud\u00edk. I kdy\u017e ano, tak\u00e9 se prod\u00e1vaj\u00ed modern\u00ed elektro bud\u00edky anebo klasick\u00e9 bud\u00edky. Ale t\u0159eba n\u011bkomu se to nel\u00edb\u00ed anebo n\u011bkomu to p\u0159ijde tak\u00e9 \u00fapln\u011b zbyte\u010dn\u00e9. Je to nap\u0159\u00edklad p\u0159ijde zbyte\u010dn\u00e9. Proto\u017ee j\u00e1 m\u00e1m mobiln\u00ed telefon, kde m\u00e1m samoz\u0159ejm\u011b bud\u00edk, a to znamen\u00e1, \u017ee vlastn\u011b se tam tak\u00e9 na mobiln\u00edm telefonu ka\u017ed\u00fd ve\u010der v\u017edycky d\u00e1m bud\u00edk.Aby m\u011b r\u00e1no vzbudil a takhle to funguje u\u017e opravdu hodn\u011b dlouho. A j\u00e1 si mysl\u00edm, \u017ee v tomhle nejsem v\u016fbec jedin\u00e1, \u017ee takhle to m\u00e1 mnoho lid\u00ed, \u017ee t\u0159eba nem\u00e1 v\u016fbec \u017e\u00e1dn\u00fd elektro bud\u00edk, ale \u017ee si bud\u00edk norm\u00e1ln\u011b nastav\u00ed n\u00e1s sv\u00fdm mobiln\u00edm telefonu. Nebo jsou tak\u00e9 u\u017e dokonce takov\u00e9 k\u00e1vovary, \u017ee vy si tam vlastn\u011b nastav\u00edte bud\u00edk. Pust\u00ed se v\u00e1m hudba a tak\u00e9 se v\u00e1m ud\u011bl\u00e1 kafe. Tohle m\u016f\u017ee b\u00fdt opravdu perfektn\u00ed. Tohle jsem v\u017edycky cht\u011bla. Jenom\u017ee, kdy\u017e jsem se pod\u00edvala na cenu toho k\u00e1vovaru, kde je tak\u00e9 bud\u00edk a ud\u011bl\u00e1 v\u00e1m k\u00e1vu, tak jsem si \u0159ekla, \u017ee to mus\u00ed b\u00fdt opravdu hodn\u011b drah\u00e9.Proto\u010dily se mi panenky a m\u00e1lem jsem omdlela. Ta cena byla opravdu hodn\u011b vysok\u00e1. Cena jako kvalitn\u00ed mobiln\u00ed telefon, tak jsem si \u0159ekla, \u017ee vlastn\u011b si budu muset na\u0161et\u0159it pen\u00edze anebo si to vz\u00edt na spl\u00e1tky. A j\u00e1 jsem tohle zkou\u0161ela pr\u00e1v\u011b u sv\u00e9 kamar\u00e1dky, kter\u00e1 tohle m\u00e1. Kdy\u017e jsem u n\u00ed spala a m\u011bli jsme d\u00e1mskou j\u00edzdu. Mus\u00edm \u0159\u00edct, \u017ee to je opravdu perfektn\u00ed a opravdu tak\u00e9 skv\u011bl\u00fd n\u00e1pad. Ihned jsem to cht\u011bla m\u00edt doma tak\u00e9. Kamar\u00e1dka \u0159ekla, \u017ee a\u017e tu zase bude v akci \u017ee mi to se\u017eene a d\u00e1 mi v\u011bd\u011bt. \u017de ona to tak\u00e9 koupila v akci a bylo to snad o 30% levn\u011bj\u0161\u00ed, ne\u017e to je nyn\u00ed. Kdyby to takhle bylo levn\u011bj\u0161\u00ed, tak to u\u017e bych si po\u0159\u00eddila, nebo bych nad t\u00edm opravdu siln\u011b uva\u017eovala, proto\u017ee tenhle bud\u00edk s k\u00e1vou je opravdu perfektn\u00ed.                                                                                                                                                                                                                                                                                                                                                                                        4\/5 - (9 votes)        "},{"@context":"https:\/\/schema.org\/","@type":"BreadcrumbList","itemListElement":[{"@type":"ListItem","position":1,"name":"Elektro je v\u0161ude","item":"https:\/\/www.erlas.cz\/elektro-je-vsude\/#breadcrumbitem"}]}]