[{"@context":"https:\/\/schema.org\/","@type":"Article","@id":"https:\/\/www.erlas.cz\/dum-na-kterem-nesmi-chybet-fotovoltaika\/#Article","mainEntityOfPage":"https:\/\/www.erlas.cz\/dum-na-kterem-nesmi-chybet-fotovoltaika\/","headline":"D\u016fm na kter\u00e9m nesm\u00ed chyb\u011bt fotovoltaika","name":"D\u016fm na kter\u00e9m nesm\u00ed chyb\u011bt fotovoltaika","description":"D\u016fm je skv\u011blej\u0161\u00ed volba, proto\u017ee kdy\u017e m\u00e1me d\u016fm, tak si","datePublished":"2024-04-09","dateModified":"2024-04-10","author":{"@type":"Person","@id":"https:\/\/www.erlas.cz\/author\/#Person","name":"","url":"https:\/\/www.erlas.cz\/author\/","identifier":1,"image":{"@type":"ImageObject","@id":"https:\/\/secure.gravatar.com\/avatar\/091b4d684e9af597ec9885a078917281e353fb1084ff05c94355123dbb14e899?s=96&d=mm&r=g","url":"https:\/\/secure.gravatar.com\/avatar\/091b4d684e9af597ec9885a078917281e353fb1084ff05c94355123dbb14e899?s=96&d=mm&r=g","height":96,"width":96}},"publisher":{"@type":"Organization","name":"erlas.cz","logo":{"@type":"ImageObject","@id":"\/logo.png","url":"\/logo.png","width":600,"height":60}},"image":{"@type":"ImageObject","@id":"https:\/\/www.erlas.cz\/wp-content\/uploads\/istockphoto-1473638758-612x612.jpg","url":"https:\/\/www.erlas.cz\/wp-content\/uploads\/istockphoto-1473638758-612x612.jpg","height":0,"width":0},"url":"https:\/\/www.erlas.cz\/dum-na-kterem-nesmi-chybet-fotovoltaika\/","about":["N\u00e1kupy"],"wordCount":446,"articleBody":"   D\u016fm je skv\u011blej\u0161\u00ed volba, proto\u017ee kdy\u017e m\u00e1me d\u016fm, tak si vlastn\u011b m\u016f\u017eeme ud\u011blat cokoliv, co si p\u0159ejeme. Proto\u017ee prost\u011b je to na\u0161e bydlen\u00ed. A my si m\u016f\u017eeme v n\u011bm d\u011blat cokoliv, co chceme, proto\u017ee p\u0159esn\u011b takov\u00fd d\u016fm o tom je. Kdy\u017e si budeme \u0159\u00edkat, co si tam nov\u00e9ho ud\u011bl\u00e1me, a kdy\u017e si to zm\u011bn\u00edme, tak prost\u011b budeme hrozn\u011b r\u00e1di. Proto\u017ee ka\u017ed\u00e1 mali\u010dkost, kterou si prost\u011b doma ud\u011bl\u00e1me, je tou nejd\u016fle\u017eit\u011bj\u0161\u00ed. Proto\u017ee opravdu t\u00edm zjist\u00edme, \u017ee opravdu je velice d\u016fle\u017eit\u00e9 prost\u011b se sna\u017eit o to, abychom byli spokojen\u00ed doma a v\u016fbec si nest\u011b\u017eovali, proto\u017ee kdy\u017e si budeme st\u011b\u017eovat, tak n\u00e1m nep\u016fjde nic od ruky. Mus\u00edme se prost\u011b hodn\u011b sna\u017eit, po\u0159\u00e1d n\u011bco vym\u00fd\u0161let nov\u00e9ho, n\u011bco si p\u0159ipravit nebo koupit do sv\u00e9ho dome\u010dku, proto\u017ee pr\u00e1v\u011b d\u016fm je od toho, abychom si ho upravili, nazdobili, spravili a ud\u011blali r\u016fzn\u00e9 v\u011bci, kter\u00e9 prost\u011b ten n\u00e1\u0161 d\u016fm pot\u0159ebuje. A nejd\u016fle\u017eit\u011bj\u0161\u00ed je n\u011bco vymyslet na d\u016fm, co je\u0161t\u011b nem\u00e1me. Nap\u0159\u00edklad zjist\u00edme, \u017ee n\u00e1m chyb\u00ed t\u0159eba i n\u011bco na st\u0159e\u0161e. Nejd\u0159\u00edv si \u0159\u00edk\u00e1te, co tam chyb\u00ed, kdy\u017e m\u00e1me st\u0159echu, ale rozhodn\u011b tam chyb\u00ed fotovoltaick\u00e1 elektr\u00e1rna https:\/\/www.joyce-energie.cz\/fotovoltaika-rodinny-dum\/, proto\u017ee ta tam rozhodn\u011b nesm\u00ed chyb\u011bt. Proto\u017ee kdy\u017e ji budete m\u00edt na st\u0159e\u0161e, tak hlavn\u011b stra\u0161n\u011b u\u0161et\u0159\u00edte energie a budete platit mnohem ni\u017e\u0161\u00ed n\u00e1klady, co\u017e je vlastn\u011b \u00fapln\u011b skv\u011bl\u00e9. Proto\u017ee kdy\u017e vlastn\u011b tohle ud\u011bl\u00e1te, tak prost\u011b si u\u017eijete v\u00edc pen\u011bz budete platit ni\u017e\u0161\u00ed n\u00e1klady. M\u016f\u017eete si za to koupit t\u0159eba n\u011bco jin\u00e9ho. Nebo si n\u011bco dokoup\u00edte do sv\u00e9ho dome\u010dku. Fotovoltaick\u00e1 elektr\u00e1rna je opravdu skv\u011blou volbou a m\u011bla by b\u00fdt na ka\u017ed\u00e9 st\u0159e\u0161e. V\u00fdhodou je, \u017ee cena je velice p\u0159\u00ednosn\u00e1, tak\u017ee v\u0161echno je individu\u00e1ln\u00ed, a hlavn\u011b v\u0161echno bude \u0159e\u0161eno \u00fapln\u011b na m\u00edru podle va\u0161ich p\u0159edstav. Tak\u017ee rozhodn\u011b m\u00e1te nad \u010d\u00edm p\u0159em\u00fd\u0161let, pokud ji na st\u0159e\u0161e je\u0161t\u011b nem\u00e1te, proto\u017ee jak ji tam budete m\u00edt, tak toho nebudete litovat, a to v\u016fbec nikdy. Takov\u00fdch p\u011bkn\u00fdch vymo\u017eenost\u00ed se nelituje.                                                                                                                                                                                                                                                                                                                                                                                           4.2\/5 - (10 votes)        "},{"@context":"https:\/\/schema.org\/","@type":"BreadcrumbList","itemListElement":[{"@type":"ListItem","position":1,"name":"D\u016fm na kter\u00e9m nesm\u00ed chyb\u011bt fotovoltaika","item":"https:\/\/www.erlas.cz\/dum-na-kterem-nesmi-chybet-fotovoltaika\/#breadcrumbitem"}]}]