[{"@context":"https:\/\/schema.org\/","@type":"Article","@id":"https:\/\/www.erlas.cz\/dovolena-je-pro-kazdeho\/#Article","mainEntityOfPage":"https:\/\/www.erlas.cz\/dovolena-je-pro-kazdeho\/","headline":"Dovolen\u00e1 je pro ka\u017ed\u00e9ho","name":"Dovolen\u00e1 je pro ka\u017ed\u00e9ho","description":"U\u017e d\u00e1vno neplat\u00ed, \u017ee dovolen\u00e1 u mo\u0159e je jen pro","datePublished":"2025-01-08","dateModified":"2025-01-08","author":{"@type":"Person","@id":"https:\/\/www.erlas.cz\/author\/#Person","name":"","url":"https:\/\/www.erlas.cz\/author\/","identifier":1,"image":{"@type":"ImageObject","@id":"https:\/\/secure.gravatar.com\/avatar\/091b4d684e9af597ec9885a078917281e353fb1084ff05c94355123dbb14e899?s=96&d=mm&r=g","url":"https:\/\/secure.gravatar.com\/avatar\/091b4d684e9af597ec9885a078917281e353fb1084ff05c94355123dbb14e899?s=96&d=mm&r=g","height":96,"width":96}},"publisher":{"@type":"Organization","name":"erlas.cz","logo":{"@type":"ImageObject","@id":"\/logo.png","url":"\/logo.png","width":600,"height":60}},"url":"https:\/\/www.erlas.cz\/dovolena-je-pro-kazdeho\/","wordCount":173,"articleBody":"U\u017e d\u00e1vno neplat\u00ed, \u017ee dovolen\u00e1 u mo\u0159e je jen pro ty bohat\u0161\u00ed. To skute\u010dn\u011b nen\u00ed pravda. Dovolit si ji m\u016f\u017ee skute\u010dn\u011b skoro ka\u017ed\u00fd a to dokonce i studenti. Nap\u0159\u00edklad d\u00edky pen\u011bz\u016fm z brig\u00e1dy si m\u016f\u017eete u\u017e\u00edvat i Vy coby studenti v Chorvatsku 2016 v levn\u00fdch apartm\u00e1nech p\u0159\u00edmo u mo\u0159e. Zat\u00edmco v jin\u00fdch lokalit\u00e1ch se za ubytov\u00e1n\u00ed v bl\u00edzkosti pl\u00e1\u017ee p\u0159ipl\u00e1c\u00ed p\u0159\u00edmo astronomicky, Vy to budete m\u00edt za velmi n\u00edzk\u00e9 a p\u0159\u00e1telsk\u00e9 ceny. Naposledy to po\u0159\u00e1dn\u011b rozjet Mo\u017en\u00e1 to je zp\u016fsob, jak se rozlou\u010dit se studentsk\u00fdm \u017eivotem, proto\u017ee po pr\u00e1zdnin\u00e1ch V\u00e1s \u010dek\u00e1 v tom lep\u0161\u00edm p\u0159\u00edpad\u011b prvn\u00ed zam\u011bstn\u00e1n\u00ed, v tom hor\u0161\u00edm p\u0159\u00edpad\u011b jeho hled\u00e1n\u00ed. Rozhodn\u011b si zaslou\u017e\u00edte, abyste to naposledy po studentsku po\u0159\u00e1dn\u011b rozjeli. Nejl\u00e9pe s p\u0159\u00e1teli, kte\u0159\u00ed jsou na tom tak jako Vy.                                                                                                                                                                                                                                                                                                                                                                                        4.2\/5 - (5 votes)        "},{"@context":"https:\/\/schema.org\/","@type":"BreadcrumbList","itemListElement":[{"@type":"ListItem","position":1,"name":"Dovolen\u00e1 je pro ka\u017ed\u00e9ho","item":"https:\/\/www.erlas.cz\/dovolena-je-pro-kazdeho\/#breadcrumbitem"}]}]