[{"@context":"https:\/\/schema.org\/","@type":"Article","@id":"https:\/\/www.erlas.cz\/cvicenim-se-dobre-hubne\/#Article","mainEntityOfPage":"https:\/\/www.erlas.cz\/cvicenim-se-dobre-hubne\/","headline":"Cvi\u010den\u00edm se dob\u0159e hubne","name":"Cvi\u010den\u00edm se dob\u0159e hubne","description":"Obezita v na\u0161ich zem\u011bpisn\u00fdch \u0161\u00ed\u0159k\u00e1ch nen\u00ed \u017e\u00e1dnou novinkou. Co je","datePublished":"2022-10-09","dateModified":"2022-10-09","author":{"@type":"Person","@id":"https:\/\/www.erlas.cz\/author\/#Person","name":"","url":"https:\/\/www.erlas.cz\/author\/","identifier":1,"image":{"@type":"ImageObject","@id":"https:\/\/secure.gravatar.com\/avatar\/091b4d684e9af597ec9885a078917281e353fb1084ff05c94355123dbb14e899?s=96&d=mm&r=g","url":"https:\/\/secure.gravatar.com\/avatar\/091b4d684e9af597ec9885a078917281e353fb1084ff05c94355123dbb14e899?s=96&d=mm&r=g","height":96,"width":96}},"publisher":{"@type":"Organization","name":"erlas.cz","logo":{"@type":"ImageObject","@id":"\/logo.png","url":"\/logo.png","width":600,"height":60}},"image":{"@type":"ImageObject","@id":"https:\/\/www.erlas.cz\/wp-content\/uploads\/Detail%20trampol%C3%ADny_7.jpg","url":"https:\/\/www.erlas.cz\/wp-content\/uploads\/Detail%20trampol%C3%ADny_7.jpg","height":0,"width":0},"url":"https:\/\/www.erlas.cz\/cvicenim-se-dobre-hubne\/","about":["N\u00e1kupy"],"wordCount":427,"articleBody":"   Obezita v na\u0161ich zem\u011bpisn\u00fdch \u0161\u00ed\u0159k\u00e1ch nen\u00ed \u017e\u00e1dnou novinkou. Co je ov\u0161em znepokojiv\u00e9 je to, \u017ee se st\u00e1le v\u00edce diagnostikuje i u d\u011bt\u00ed \u0161kolou povinn\u00fdch. U\u017e jsme si zvykli, \u017ee velk\u00e1 nadv\u00e1ha je hlavn\u011b z\u00e1le\u017eitost\u00ed piva\u0159\u016f, ale nen\u00ed tomu tak. Dnes ji\u017e postihuje v\u00edcem\u00e9n\u011b v\u0161echny v\u011bkov\u00e9 i soci\u00e1ln\u00ed skupiny, co\u017e je z pochopiteln\u00fdch d\u016fvod\u016f \u0161patn\u011b. I p\u0159es snahu l\u00e9ka\u0159\u016f je st\u00e1le u docela velk\u00e9 spole\u010dnosti br\u00e1na obezita sp\u00ed\u0161e jako estetick\u00fd ne\u017e zdravotn\u00ed probl\u00e9m. Proto jsou u n\u00e1s lid\u00e9 \u010dasto k velk\u00e9 nadv\u00e1ze tak benevolentn\u00ed. Hlavn\u011b tedy k t\u00e9 sv\u00e9. Obezita v\u0161ak mimo jin\u00e9 znamen\u00e1 i velk\u00e9 zdravotn\u00ed probl\u00e9my, kter\u00e9 se mohou stejn\u011b dob\u0159e t\u00fdkat t\u011blo jako du\u0161e. Proto je nezbytn\u00e9 se s n\u00ed pot\u00fdkat a vyhr\u00e1t.Nejlep\u0161\u00edm zp\u016fsobem, jak vyzr\u00e1t na obezitu, je zlep\u0161it si stravov\u00e1n\u00ed, co\u017e se d\u00e1 je\u0161t\u011b nav\u00edc podpo\u0159it vhodn\u00fdmi pohybov\u00fdmi aktivitami. Mezi takov\u00e9to aktivity je pot\u0159eba \u0159adit hlavn\u011b aerobn\u00ed cvi\u010den\u00ed, je\u017e jsou v mnoha ohledech velice efektivn\u00ed. Mus\u00ed se v\u0161ak prov\u00e1d\u011bt ide\u00e1ln\u011b ka\u017ed\u00fd den, minim\u00e1ln\u011b v\u0161ak t\u0159ikr\u00e1t do t\u00fddne. \u010casto k tomu nejsou pot\u0159eba ani \u017e\u00e1dn\u00e9 pom\u016fcky, nicm\u00e9n\u011b t\u0159eba s takovou trampol\u00ednou 305 cm je sportov\u00e1n\u00ed p\u0159eci jen o n\u011bco zaj\u00edmav\u011bj\u0161\u00ed a z\u00e1bavn\u011bj\u0161\u00ed.Vysok\u00e1 efektivitaI kdy\u017e se nemus\u00ed ka\u017ed\u00e9mu zd\u00e1t sk\u00e1k\u00e1n\u00ed jako n\u011bco extra, co opravdu \u010dlov\u011bka dostane do lep\u0161\u00ed kondice, p\u0159\u00edpadn\u011b mu sn\u00ed\u017e\u00ed v\u00e1hu, opak je pravdou. Je prok\u00e1z\u00e1no, \u017ee pravideln\u00fd aerobn\u00ed pohyb na trampol\u00edn\u011b je t\u011blu velice prosp\u011b\u0161n\u00fd. Dok\u00e1\u017ee zlep\u0161it stav vnit\u0159n\u00ed org\u00e1n\u016f, a dokonce zato\u010dit i s tukem. Sk\u00e1k\u00e1n\u00ed je vhodn\u00e9 pro za\u010d\u00e1te\u010dn\u00edky, kte\u0159\u00ed nemaj\u00ed se sportov\u00e1n\u00edm skoro \u017e\u00e1dn\u00e9 zku\u0161enosti. Mohou toti\u017e za\u010d\u00ednat v pomalej\u0161\u00edm tempu a s postupem \u010dasu p\u0159id\u00e1vat na intenzit\u011b. Pokro\u010dilej\u0161\u00ed cvi\u010denci u\u017e pak mohou na trampol\u00edn\u011b d\u011blat prakticky ps\u00ed kusy.Dopl\u0148kyV\u011bt\u0161ina modern\u00edch trampol\u00edn ji\u017e m\u00e1 dopl\u0148ky typu ochrann\u00e1 s\u00ed\u0165 a kryt na pru\u017einy v z\u00e1kladu, nicm\u00e9n\u011b n\u011bkter\u00e9 to mohou m\u00edt. T\u011bm je dobr\u00e9 se bu\u010fto obloukem vyhnout, nebo k nim tyto prvky dokoupit n\u00e1sledn\u011b.                                                                                                                                                                                                                                                                                                                                                                                          4.7\/5 - (3 votes)        "},{"@context":"https:\/\/schema.org\/","@type":"BreadcrumbList","itemListElement":[{"@type":"ListItem","position":1,"name":"Cvi\u010den\u00edm se dob\u0159e hubne","item":"https:\/\/www.erlas.cz\/cvicenim-se-dobre-hubne\/#breadcrumbitem"}]}]