[{"@context":"https:\/\/schema.org\/","@type":"Article","@id":"https:\/\/www.erlas.cz\/co-vime-o-prepravkach-pro-distribuci-napoju-do-obchodni-site\/#Article","mainEntityOfPage":"https:\/\/www.erlas.cz\/co-vime-o-prepravkach-pro-distribuci-napoju-do-obchodni-site\/","headline":"Co v\u00edme o p\u0159epravk\u00e1ch pro distribuci n\u00e1poj\u016f do obchodn\u00ed s\u00edt\u011b","name":"Co v\u00edme o p\u0159epravk\u00e1ch pro distribuci n\u00e1poj\u016f do obchodn\u00ed s\u00edt\u011b","description":"Jak \u010dasto chod\u00edte nakupovat do kamenn\u00fdch prodejen s potravinami? A\u0165","datePublished":"2023-02-19","dateModified":"2023-07-24","author":{"@type":"Person","@id":"https:\/\/www.erlas.cz\/author\/#Person","name":"","url":"https:\/\/www.erlas.cz\/author\/","identifier":1,"image":{"@type":"ImageObject","@id":"https:\/\/secure.gravatar.com\/avatar\/091b4d684e9af597ec9885a078917281e353fb1084ff05c94355123dbb14e899?s=96&d=mm&r=g","url":"https:\/\/secure.gravatar.com\/avatar\/091b4d684e9af597ec9885a078917281e353fb1084ff05c94355123dbb14e899?s=96&d=mm&r=g","height":96,"width":96}},"publisher":{"@type":"Organization","name":"erlas.cz","logo":{"@type":"ImageObject","@id":"\/logo.png","url":"\/logo.png","width":600,"height":60}},"image":{"@type":"ImageObject","@id":"https:\/\/www.erlas.cz\/wp-content\/uploads\/bottle-store-g7d9eb351e_640.jpg","url":"https:\/\/www.erlas.cz\/wp-content\/uploads\/bottle-store-g7d9eb351e_640.jpg","height":0,"width":0},"url":"https:\/\/www.erlas.cz\/co-vime-o-prepravkach-pro-distribuci-napoju-do-obchodni-site\/","about":["N\u00e1kupy"],"wordCount":420,"articleBody":"        Jak \u010dasto chod\u00edte nakupovat do kamenn\u00fdch prodejen s potravinami? A\u0165 u\u017e m\u00ed\u0159\u00edte do supermarket\u016f, anebo nav\u0161t\u011bvujete docela mal\u00e9 lok\u00e1ln\u00ed prodejny, zpravidla se tam setk\u00e1te s plastov\u00fdmi p\u0159epravkami Corona. Jedn\u00e1 se o v\u00fdrobky, v nich\u017e se do distribu\u010dn\u00ed s\u00edt\u011b transportuj\u00ed n\u00e1poje v lahv\u00edch. P\u0159eprava a skladov\u00e1n\u00ed lahv\u00ed je ji\u017e mnoho des\u00edtek let zaji\u0161\u0165ov\u00e1na spolehliv\u00fdmi n\u00e1dobami z plastu a st\u011b\u017e\u00ed si dovedeme p\u0159edstavit, \u017ee bychom v obchodech m\u011bli ve\u0161ker\u00e9 lahve vyskl\u00e1dan\u00e9 jin\u00fdm zp\u016fsobem. Pro\u010d tedy d\u00e1vat p\u0159ednost p\u0159epravk\u00e1m Corona https:\/\/www.schoellerallibert.com\/cz\/novinky\/novinky-ze-spolecnosti\/pepravka-corona-extra-zskala-nmeckou-cenu-za-obal-v-kategorii-nov-materil\/?Recyklovateln\u00fd materi\u00e1l \u2013 t\u00edm bychom asi m\u011bli za\u010d\u00edt, proto\u017ee doba, kdy lid\u00e9 bez rozmyslu vyr\u00e1b\u011bli plasty a zahlcovali jimi doslova cel\u00fd sv\u011bt, je d\u00e1vno pry\u010d. Plasty se toti\u017e mus\u00ed tak\u00e9 po jejich vyu\u017eit\u00ed n\u011bjak\u00fdm zp\u016fsobem zpracovat, jinak tu m\u00e1me miliony tun v p\u0159\u00edrod\u011b obt\u00ed\u017en\u011b rozlo\u017eiteln\u00e9ho odpadu. P\u0159epravky Corona jsou stoprocentn\u011b recyklovateln\u00e9, co\u017e jist\u011b nepot\u0159ebuje dal\u0161\u00ed koment\u00e1\u0159.Tvar \u2013 lid\u00e9 nakupuj\u00edc\u00ed potraviny v obchodech jsou ji\u017e des\u00edtky let zvykl\u00ed na tvar kv\u00e1dru o p\u0159ibli\u017en\u011b shodn\u00fdch rozm\u011brech, s vnit\u0159n\u00edmi z\u00e1hyby pro um\u00edst\u011bn\u00ed lahv\u00ed. P\u0159epravky lze pohodln\u011b um\u00edstit na sebe, zapadaj\u00ed do z\u00e1\u0159ez\u016f na spodn\u00ed stran\u011b tak, aby se i velmi vysok\u00fd stoh p\u0159epravek nemohl samovoln\u011b p\u0159evr\u00e1tit.Spolehlivost \u2013 d\u016fle\u017eit\u00e9 je v\u011bd\u011bt, \u017ee p\u0159eprava lahv\u00ed se v t\u011bchto n\u00e1dob\u00e1ch uskute\u010dn\u00ed bez probl\u00e9m\u016f, ani\u017e by do\u0161lo k rozbit\u00ed p\u0159epravek i samotn\u00fdch lahv\u00ed. P\u0159epravky jsou dostate\u010dn\u011b pevn\u00e9 i v situac\u00edch, kdy mus\u00ed n\u00e9st des\u00edtky kilogram\u016f t\u011b\u017ek\u00fd n\u00e1klad. Nebudou v\u00e1m ani praskat pod rukama, a\u017e p\u0159epravku s pln\u00fdmi lahvemi budete nakl\u00e1dat do auta.Barva a potisk \u2013 v\u00fdrobky se prod\u00e1vaj\u00ed i sv\u00fdm vzhledem, velmi z\u00e1le\u017e\u00ed i na barv\u011b p\u0159epravek a na p\u0159\u00edpadn\u00e9m potisku, kter\u00fd bude poutav\u00fd a zaj\u00edmav\u00fd. Na\u0161t\u011bst\u00ed m\u00e1me k dispozici celou paletu barev od \u010derven\u00e9 p\u0159es oran\u017eovou, \u017elutou a zelenou a\u017e k modr\u00e9 a fialov\u00e9, a v\u00fdrobci p\u0159epravn\u00edch n\u00e1dob by toho m\u011bli mistrn\u011b vyu\u017e\u00edt a nab\u00edzet lidem pohled na barevn\u00fd sv\u011bt, kter\u00fd zastoup\u00ed nudnou \u0161e\u010f a \u010der\u0148.                                                                                                                                                                                                                                                                                                                                                                                          4.4\/5 - (7 votes)        "},{"@context":"https:\/\/schema.org\/","@type":"BreadcrumbList","itemListElement":[{"@type":"ListItem","position":1,"name":"Co v\u00edme o p\u0159epravk\u00e1ch pro distribuci n\u00e1poj\u016f do obchodn\u00ed s\u00edt\u011b","item":"https:\/\/www.erlas.cz\/co-vime-o-prepravkach-pro-distribuci-napoju-do-obchodni-site\/#breadcrumbitem"}]}]