[{"@context":"https:\/\/schema.org\/","@type":"Article","@id":"https:\/\/www.erlas.cz\/co-je-treba-pred-svatbou\/#Article","mainEntityOfPage":"https:\/\/www.erlas.cz\/co-je-treba-pred-svatbou\/","headline":"Co je t\u0159eba p\u0159ed svatbou","name":"Co je t\u0159eba p\u0159ed svatbou","description":"Pokud jste se rozhodl, \u017ee si svou milou vezmete, proto\u017ee","datePublished":"2024-11-10","dateModified":"2024-11-10","author":{"@type":"Person","@id":"https:\/\/www.erlas.cz\/author\/#Person","name":"","url":"https:\/\/www.erlas.cz\/author\/","identifier":1,"image":{"@type":"ImageObject","@id":"https:\/\/secure.gravatar.com\/avatar\/091b4d684e9af597ec9885a078917281e353fb1084ff05c94355123dbb14e899?s=96&d=mm&r=g","url":"https:\/\/secure.gravatar.com\/avatar\/091b4d684e9af597ec9885a078917281e353fb1084ff05c94355123dbb14e899?s=96&d=mm&r=g","height":96,"width":96}},"publisher":{"@type":"Organization","name":"erlas.cz","logo":{"@type":"ImageObject","@id":"\/logo.png","url":"\/logo.png","width":600,"height":60}},"url":"https:\/\/www.erlas.cz\/co-je-treba-pred-svatbou\/","wordCount":171,"articleBody":"Pokud jste se rozhodl, \u017ee si svou milou vezmete, proto\u017ee c\u00edt\u00edte, \u017ee je to ta prav\u00e1, pak je nejvy\u0161\u0161\u00ed \u010das na to, abyste ji po\u017e\u00e1dal o ruku. O ruku se samoz\u0159ejm\u011b chod\u00ed \u017e\u00e1dat se z\u00e1snubn\u00edm prstenem a vyb\u00edr\u00e1 se k tomuto velmi romantick\u00e9 m\u00edsto, kter\u00e9 navod\u00ed tu spr\u00e1vnou atmosf\u00e9ru. Kam takov\u00fd \u0161perk j\u00edt koupit? My bychom v\u00e1m t\u00edmto nab\u00eddli vysokou kvalitu, kterou zaru\u010dujeme a tak\u00e9 bohat\u00fd v\u00fdb\u011br \u0161perk\u016f s kam\u00ednkem, kter\u00e9 jsou k takov\u00e9muto kroku vhodn\u00e9.Kupte sv\u00e9 mil\u00e9 to nejlep\u0161\u00edPo\u0159i\u010fte sv\u00e9 nast\u00e1vaj\u00edc\u00ed to nejlep\u0161\u00ed a\u0165 vid\u00ed, jak moc v\u00e1m na n\u00ed z\u00e1le\u017e\u00ed. P\u0159ekvapte ji sv\u00fdm rozhodnut\u00edm. Abyste vybrali co nejl\u00e9pe, je t\u0159eba si doma v\u0161imnout jak\u00e9 \u0161perky r\u00e1da nos\u00ed a jim pod\u0159\u00eddit i v\u00fdb\u011br tohoto \u0161perku. Nezapome\u0148te na to, \u017ee jej bude nosit cel\u00fd \u017eivot, proto vyb\u00edrejte dob\u0159e.                                                                                                                                                                                                                                                                                                                                                                                        3.7\/5 - (3 votes)        "},{"@context":"https:\/\/schema.org\/","@type":"BreadcrumbList","itemListElement":[{"@type":"ListItem","position":1,"name":"Co je t\u0159eba p\u0159ed svatbou","item":"https:\/\/www.erlas.cz\/co-je-treba-pred-svatbou\/#breadcrumbitem"}]}]