[{"@context":"https:\/\/schema.org\/","@type":"Article","@id":"https:\/\/www.erlas.cz\/bezpecnost-i-designovy-prvek\/#Article","mainEntityOfPage":"https:\/\/www.erlas.cz\/bezpecnost-i-designovy-prvek\/","headline":"Bezpe\u010dnost i designov\u00fd prvek","name":"Bezpe\u010dnost i designov\u00fd prvek","description":"Kdyby neexistovaly stavby na patro, jen t\u011b\u017eko by n\u00e1m sta\u010dily","datePublished":"2023-05-29","dateModified":"2023-06-29","author":{"@type":"Person","@id":"https:\/\/www.erlas.cz\/author\/#Person","name":"","url":"https:\/\/www.erlas.cz\/author\/","identifier":1,"image":{"@type":"ImageObject","@id":"https:\/\/secure.gravatar.com\/avatar\/091b4d684e9af597ec9885a078917281e353fb1084ff05c94355123dbb14e899?s=96&d=mm&r=g","url":"https:\/\/secure.gravatar.com\/avatar\/091b4d684e9af597ec9885a078917281e353fb1084ff05c94355123dbb14e899?s=96&d=mm&r=g","height":96,"width":96}},"publisher":{"@type":"Organization","name":"erlas.cz","logo":{"@type":"ImageObject","@id":"\/logo.png","url":"\/logo.png","width":600,"height":60}},"image":{"@type":"ImageObject","@id":"https:\/\/www.erlas.cz\/wp-content\/uploads\/pexels-maria-orlova-4913327.jpg","url":"https:\/\/www.erlas.cz\/wp-content\/uploads\/pexels-maria-orlova-4913327.jpg","height":0,"width":0},"url":"https:\/\/www.erlas.cz\/bezpecnost-i-designovy-prvek\/","about":["N\u00e1kupy"],"wordCount":423,"articleBody":"   Kdyby neexistovaly stavby na patro, jen t\u011b\u017eko by n\u00e1m sta\u010dily pozemky na v\u00fdstavbu v\u0161eho co je pot\u0159eba. Patrov\u00e9 domy a dal\u0161\u00ed budovy u\u0161et\u0159\u00ed mnoho m\u00edsta, kter\u00e9 d\u00e1 vyu\u017e\u00edt jinak. Zastav\u011bn\u00e1 plocha je men\u0161\u00ed a je\u0161t\u011b zbyde i v\u011bt\u0161\u00ed kus zahrady. Pr\u00e1v\u011b proto jsou patrov\u00e9 domy i dnes st\u00e1le v oblib\u011b, i kdy\u017e co se t\u00fd\u010de obl\u00edbenosti jsou daleko popul\u00e1rn\u011bj\u0161\u00ed p\u0159\u00edzemn\u00ed bungalovy. Jestli m\u00e1te men\u0161\u00ed pozemek, je ur\u010dit\u011b lep\u0161\u00ed postavit si patov\u00fd domek. N\u011bkdy m\u016f\u017ee b\u00fdt neust\u00e1l\u00e9 chozen\u00ed do schod\u016f sice otravn\u00e9, ale to z\u00e1le\u017e\u00ed na tom, jak si uspo\u0159\u00e1d\u00e1te interi\u00e9r. Pokud si v\u00e1\u0161 architekt nebo vy d\u00e1te z\u00e1le\u017eet, ur\u010dit\u011b nemus\u00edte do patra chodit ka\u017edou chvilku. Sta\u010d\u00ed m\u00edt v\u0161e d\u016fle\u017eit\u00e9 v p\u0159\u00edzem\u00ed a v pat\u0159e m\u00edt t\u0159eba jen lo\u017enice, kam v\u011bt\u0161ina lid\u00ed chod\u00ed p\u0159es den minim\u00e1ln\u011b.Schody jsou d\u016fle\u017eitou sou\u010d\u00e1st\u00ed takov\u00fdch dom\u016f, proto\u017ee bez nich by se patro logicky vyu\u017e\u00edvat nedalo. Proto je p\u0159i stavb\u011b patrov\u00e9ho domu logicky nutn\u00e9 po\u010d\u00edtat s t\u00edm, \u017ee schody budou pot\u0159eba. D\u0159\u00edve se sp\u00ed\u0161e schov\u00e1valy, ale dnes b\u00fdvaj\u00ed schody \u010dasto dominantou cel\u00e9ho domu. M\u016f\u017eeme to vid\u011bt i v honosn\u00fdch vil\u00e1ch, kde b\u00fdvaj\u00ed schodi\u0161t\u011b \u010dasto vedena st\u0159edem domu, aby vynikla. Mohou m\u00edt r\u016fzn\u00fd design, a k designu schod\u016f se poj\u00ed samoz\u0159ejm\u011b z\u00e1bradl\u00ed. To je bezpe\u010dnostn\u00edm prvkem, d\u00edky kter\u00e9mu p\u0159e\u017eijeme bez \u00fahony ka\u017edou cestu po schodech. I z\u00e1bradl\u00ed mohou vypadat r\u016fzn\u011b.Jak\u00e1 zrovna let\u00ed? N\u011bkdo ned\u00e1 dopustit na d\u0159evo, a tak m\u00e1 logicky i z\u00e1bradl\u00ed v masivu. Pokud si d\u00e1 truhl\u00e1\u0159 z\u00e1le\u017eet, m\u016f\u017ee vypadat velmi esteticky. Daleko modern\u011bj\u0161\u00ed a \u017e\u00e1dan\u011bj\u0161\u00ed jsou z\u00e1bradl\u00ed z oceli a skla, kter\u00e9 se \u010dasto kombinuj\u00ed. St\u00e1lic\u00ed mezi z\u00e1bradl\u00edmi je kovan\u00e9 z\u00e1bradl\u00ed na schodi\u0161t\u011b, kter\u00e9 m\u016f\u017ee m\u00edt mnoho podob. U\u017e d\u00e1vno nejde jen o oby\u010dejn\u00e9 jekly spojen\u00e9 k sob\u011b, ale m\u016f\u017ee b\u00fdt ozdobeno r\u016fzn\u00fdmi tvary. I tato z\u00e1bradl\u00ed jsou st\u00e1le v oblib\u011b a to dokonce i u novostaveb. Kdy\u017e se z\u00e1bradl\u00ed vkusn\u011b zkombinuje s okoln\u00edm vybaven\u00ed, bude vypadat skv\u011ble i v modern\u00edm dom\u011b.                                                                                                                                                                                                                                                                                                                                                                                          4.5\/5 - (2 votes)        "},{"@context":"https:\/\/schema.org\/","@type":"BreadcrumbList","itemListElement":[{"@type":"ListItem","position":1,"name":"Bezpe\u010dnost i designov\u00fd prvek","item":"https:\/\/www.erlas.cz\/bezpecnost-i-designovy-prvek\/#breadcrumbitem"}]}]